{"id":2679,"date":"2023-08-04T20:30:00","date_gmt":"2023-08-05T01:30:00","guid":{"rendered":"https:\/\/franciscanas.org\/portal\/lamerica\/?p=2679"},"modified":"2023-08-05T19:57:06","modified_gmt":"2023-08-06T00:57:06","slug":"la-transfiguracion-del-senor","status":"publish","type":"post","link":"https:\/\/franciscanas.org\/portal\/lamerica\/evangelio-del-domingo\/la-transfiguracion-del-senor\/","title":{"rendered":"La transfiguraci\u00f3n del Se\u00f1or"},"content":{"rendered":"\n<p class=\"has-vivid-red-color has-text-color\"><strong>Evangelio <\/strong>de Mt 17,1-9.<\/p>\n\n\n\n<p>Jes\u00fas tom\u00f3 a Pedro, a Santiago y a su hermano Juan, y los llev\u00f3 aparte a un monte elevado.<br>All\u00ed se transfigur\u00f3 en presencia de ellos: su rostro resplandec\u00eda como el sol y sus vestiduras se volvieron blancas como la luz.<br>De pronto se les aparecieron Mois\u00e9s y El\u00edas, hablando con Jes\u00fas.<br>Pedro dijo a Jes\u00fas: &#8220;Se\u00f1or, \u00a1qu\u00e9 bien estamos aqu\u00ed! Si quieres, levantar\u00e9 aqu\u00ed mismo tres carpas, una para ti, otra para Mois\u00e9s y otra para El\u00edas&#8221;.<br>Todav\u00eda estaba hablando, cuando una nube luminosa los cubri\u00f3 con su sombra y se oy\u00f3 una voz que dec\u00eda desde la nube: &#8220;Este es mi Hijo muy querido, en quien tengo puesta mi predilecci\u00f3n: esc\u00fachenlo&#8221;.<br>Al o\u00edr esto, los disc\u00edpulos cayeron con el rostro en tierra, llenos de temor.<br>Jes\u00fas se acerc\u00f3 a ellos y, toc\u00e1ndolos, les dijo: &#8220;Lev\u00e1ntense, no tengan miedo&#8221;.<br>Cuando alzaron los ojos, no vieron a nadie m\u00e1s que a Jes\u00fas solo.<br>Mientras bajaban del monte, Jes\u00fas les orden\u00f3: &#8220;No hablen a nadie de esta visi\u00f3n, hasta que el Hijo del hombre resucite de entre los muertos&#8221;.<\/p>\n\n\n\n<p class=\"has-vivid-red-color has-text-color\">Palabra de Dios.<\/p>\n\n\n\n<p><\/p>\n\n\n\n<p><\/p>\n","protected":false},"excerpt":{"rendered":"<p>Se transfigur\u00f3 en presencia de ellos: su rostro resplandec\u00eda como el sol y sus vestiduras se volvieron blancas como la luz.<\/p>\n","protected":false},"author":1,"featured_media":2682,"comment_status":"closed","ping_status":"closed","sticky":false,"template":"","format":"standard","meta":{"_et_pb_use_builder":"off","_et_pb_old_content":"","_et_gb_content_width":"1200","footnotes":""},"categories":[95],"tags":[],"class_list":["post-2679","post","type-post","status-publish","format-standard","has-post-thumbnail","hentry","category-evangelio-del-domingo"],"_links":{"self":[{"href":"https:\/\/franciscanas.org\/portal\/lamerica\/wp-json\/wp\/v2\/posts\/2679","targetHints":{"allow":["GET"]}}],"collection":[{"href":"https:\/\/franciscanas.org\/portal\/lamerica\/wp-json\/wp\/v2\/posts"}],"about":[{"href":"https:\/\/franciscanas.org\/portal\/lamerica\/wp-json\/wp\/v2\/types\/post"}],"author":[{"embeddable":true,"href":"https:\/\/franciscanas.org\/portal\/lamerica\/wp-json\/wp\/v2\/users\/1"}],"replies":[{"embeddable":true,"href":"https:\/\/franciscanas.org\/portal\/lamerica\/wp-json\/wp\/v2\/comments?post=2679"}],"version-history":[{"count":3,"href":"https:\/\/franciscanas.org\/portal\/lamerica\/wp-json\/wp\/v2\/posts\/2679\/revisions"}],"predecessor-version":[{"id":2684,"href":"https:\/\/franciscanas.org\/portal\/lamerica\/wp-json\/wp\/v2\/posts\/2679\/revisions\/2684"}],"wp:featuredmedia":[{"embeddable":true,"href":"https:\/\/franciscanas.org\/portal\/lamerica\/wp-json\/wp\/v2\/media\/2682"}],"wp:attachment":[{"href":"https:\/\/franciscanas.org\/portal\/lamerica\/wp-json\/wp\/v2\/media?parent=2679"}],"wp:term":[{"taxonomy":"category","embeddable":true,"href":"https:\/\/franciscanas.org\/portal\/lamerica\/wp-json\/wp\/v2\/categories?post=2679"},{"taxonomy":"post_tag","embeddable":true,"href":"https:\/\/franciscanas.org\/portal\/lamerica\/wp-json\/wp\/v2\/tags?post=2679"}],"curies":[{"name":"wp","href":"https:\/\/api.w.org\/{rel}","templated":true}]}}