{"id":2604,"date":"2023-07-21T20:30:00","date_gmt":"2023-07-22T01:30:00","guid":{"rendered":"https:\/\/franciscanas.org\/portal\/lamerica\/?p=2604"},"modified":"2023-07-08T14:09:42","modified_gmt":"2023-07-08T19:09:42","slug":"16o-domingo-del-tiempo-ordinario","status":"publish","type":"post","link":"https:\/\/franciscanas.org\/portal\/lamerica\/evangelio-del-domingo\/16o-domingo-del-tiempo-ordinario\/","title":{"rendered":"16\u00ba Domingo del Tiempo Ordinario"},"content":{"rendered":"\n<p class=\"has-vivid-red-color has-text-color\"><strong>EVANGELIO<\/strong> de Mateo 13,24-43<\/p>\n\n\n\n<p>24 Jes\u00fas propuso a la gente otra par\u00e1bola: &#8220;El Reino de los Cielos se parece a un hombre que sembr\u00f3 buena semilla en su campo;<br>25 pero mientras todos dorm\u00edan vino su enemigo, sembr\u00f3 ciza\u00f1a en medio del trigo y se fue.<br>27 Cuando creci\u00f3 el trigo y aparecieron las espigas, tambi\u00e9n apareci\u00f3 la ciza\u00f1a.<br>28 Los peones fueron a ver entonces al propietario y le dijeron: &#8216;Se\u00f1or, \u00bfno hab\u00edas sembrado buena semilla en tu campo? \u00bfC\u00f3mo es que ahora hay ciza\u00f1a en \u00e9l?&#8217;.<br>29 El les respondi\u00f3: &#8216;Esto lo ha hecho alg\u00fan enemigo&#8217;. Los peones replicaron: &#8216;\u00bfQuieres que vayamos a arrancarla?&#8217;.<br>30 &#8216;No, les dijo el due\u00f1o, porque al arrancar la ciza\u00f1a, corren el peligro de arrancar tambi\u00e9n el trigo. Dejen que crezcan juntos hasta la cosecha, <br>31 y entonces dir\u00e9 a los cosechadores: Arranquen primero la ciza\u00f1a y \u00e1tenla en manojos para quemarla, y luego recojan el trigo en mi granero'&#8221;.<br>Tambi\u00e9n les propuso otra par\u00e1bola: &#8220;El Reino de los Cielos se parece a un grano de mostaza que un hombre sembr\u00f3 en su campo.<br>32 En realidad, esta es la m\u00e1s peque\u00f1a de las semillas, pero cuando crece es la m\u00e1s grande de las hortalizas y se convierte en un arbusto, de tal manera que los p\u00e1jaros del cielo van a cobijarse en sus ramas&#8221;.<br>33 Despu\u00e9s les dijo esta otra par\u00e1bola: &#8220;El Reino de los Cielos se parece a un poco de levadura que una mujer mezcla con gran cantidad de harina, hasta que fermenta toda la masa&#8221;.<br>34 Todo esto lo dec\u00eda Jes\u00fas a la muchedumbre por medio de par\u00e1bolas, y no les hablaba sin par\u00e1bolas,<br>35 para que se cumpliera lo anunciado por el Profeta: Hablar\u00e9 en par\u00e1bolas, anunciar\u00e9 cosas que estaban ocultas desde la creaci\u00f3n del mundo.<br>36 Entonces, dejando a la multitud, Jes\u00fas regres\u00f3 a la casa; sus disc\u00edpulos se acercaron y le dijeron: &#8220;Expl\u00edcanos la par\u00e1bola de la ciza\u00f1a en el campo&#8221;.<br>37 El les respondi\u00f3: &#8220;El que siembra la buena semilla es el Hijo del hombre;<br>38 el campo es el mundo; la buena semilla son los que pertenecen al Reino; la ciza\u00f1a son los que pertenecen al Maligno,<br>39 y el enemigo que la siembra es el demonio; la cosecha es el fin del mundo y los cosechadores son los \u00e1ngeles.<br>40 As\u00ed como se arranca la ciza\u00f1a y se la quema en el fuego, de la misma manera suceder\u00e1 al fin del mundo.<br>41 El Hijo del hombre enviar\u00e1 a sus \u00e1ngeles, y estos quitar\u00e1n de su Reino todos los esc\u00e1ndalos y a los que hicieron el mal,<br>42 y los arrojar\u00e1n en el horno ardiente: all\u00ed habr\u00e1 llanto y rechinar de dientes.<br>43 Entonces los justos resplandecer\u00e1n como el sol en el Reino de su Padre. \u00a1El que tenga o\u00eddos, que oiga!&#8221;<\/p>\n\n\n\n<p class=\"has-vivid-red-color has-text-color\">Palabra de Dios.<\/p>\n","protected":false},"excerpt":{"rendered":"<p>El Reino de los Cielos se parece a un hombre que sembr\u00f3 buena semilla en su campo. <\/p>\n","protected":false},"author":1,"featured_media":2606,"comment_status":"closed","ping_status":"closed","sticky":false,"template":"","format":"standard","meta":{"_et_pb_use_builder":"off","_et_pb_old_content":"","_et_gb_content_width":"1200","footnotes":""},"categories":[95],"tags":[],"class_list":["post-2604","post","type-post","status-publish","format-standard","has-post-thumbnail","hentry","category-evangelio-del-domingo"],"_links":{"self":[{"href":"https:\/\/franciscanas.org\/portal\/lamerica\/wp-json\/wp\/v2\/posts\/2604","targetHints":{"allow":["GET"]}}],"collection":[{"href":"https:\/\/franciscanas.org\/portal\/lamerica\/wp-json\/wp\/v2\/posts"}],"about":[{"href":"https:\/\/franciscanas.org\/portal\/lamerica\/wp-json\/wp\/v2\/types\/post"}],"author":[{"embeddable":true,"href":"https:\/\/franciscanas.org\/portal\/lamerica\/wp-json\/wp\/v2\/users\/1"}],"replies":[{"embeddable":true,"href":"https:\/\/franciscanas.org\/portal\/lamerica\/wp-json\/wp\/v2\/comments?post=2604"}],"version-history":[{"count":2,"href":"https:\/\/franciscanas.org\/portal\/lamerica\/wp-json\/wp\/v2\/posts\/2604\/revisions"}],"predecessor-version":[{"id":2607,"href":"https:\/\/franciscanas.org\/portal\/lamerica\/wp-json\/wp\/v2\/posts\/2604\/revisions\/2607"}],"wp:featuredmedia":[{"embeddable":true,"href":"https:\/\/franciscanas.org\/portal\/lamerica\/wp-json\/wp\/v2\/media\/2606"}],"wp:attachment":[{"href":"https:\/\/franciscanas.org\/portal\/lamerica\/wp-json\/wp\/v2\/media?parent=2604"}],"wp:term":[{"taxonomy":"category","embeddable":true,"href":"https:\/\/franciscanas.org\/portal\/lamerica\/wp-json\/wp\/v2\/categories?post=2604"},{"taxonomy":"post_tag","embeddable":true,"href":"https:\/\/franciscanas.org\/portal\/lamerica\/wp-json\/wp\/v2\/tags?post=2604"}],"curies":[{"name":"wp","href":"https:\/\/api.w.org\/{rel}","templated":true}]}}