{"id":2590,"date":"2023-07-07T20:30:00","date_gmt":"2023-07-08T01:30:00","guid":{"rendered":"https:\/\/franciscanas.org\/portal\/lamerica\/?p=2590"},"modified":"2023-07-08T09:10:25","modified_gmt":"2023-07-08T14:10:25","slug":"14o-domingo-del-tiempo-ordinario","status":"publish","type":"post","link":"https:\/\/franciscanas.org\/portal\/lamerica\/evangelio-del-domingo\/14o-domingo-del-tiempo-ordinario\/","title":{"rendered":"14\u00ba Domingo del Tiempo Ordinario"},"content":{"rendered":"\n<p class=\"has-vivid-red-color has-text-color\"><strong>EVANGELIO<\/strong> de Mateo 11, 25-30<\/p>\n\n\n\n<p>Jes\u00fas dijo:<br>25 &#8220;Te alabo, Padre, Se\u00f1or del cielo y de la tierra, por haber ocultado estas cosas a los sabios y a los prudentes y haberlas revelado a los peque\u00f1os. S\u00ed, Padre, porque as\u00ed lo has querido.<br>26 Todo me ha sido dado por mi Padre, y nadie conoce al Hijo sino el Padre, as\u00ed como nadie conoce al Padre sino el Hijo y aquel a quien el Hijo se lo quiera revelar.&#8221;<br>27 Vengan a m\u00ed todos los que est\u00e1n afligidos y agobiados, y yo los aliviar\u00e9.<br>28 Carguen sobre ustedes mi yugo y aprendan de m\u00ed, porque soy paciente y humilde de coraz\u00f3n, y as\u00ed encontrar\u00e1n alivio.<br>29 Porque mi yugo es suave y mi carga liviana.&#8221;<br>30 Extra\u00eddo de la Biblia: Libro del Pueblo de Dios.<\/p>\n\n\n\n<p class=\"has-vivid-red-color has-text-color\">Palabra del Se\u00f1or.<\/p>\n","protected":false},"excerpt":{"rendered":"<p>Te alabo, Padre, Se\u00f1or del cielo y de la tierra, por haber revelado [estas cosas] a los peque\u00f1os.<\/p>\n","protected":false},"author":1,"featured_media":2591,"comment_status":"closed","ping_status":"closed","sticky":false,"template":"","format":"standard","meta":{"_et_pb_use_builder":"off","_et_pb_old_content":"","_et_gb_content_width":"1200","footnotes":""},"categories":[95],"tags":[],"class_list":["post-2590","post","type-post","status-publish","format-standard","has-post-thumbnail","hentry","category-evangelio-del-domingo"],"_links":{"self":[{"href":"https:\/\/franciscanas.org\/portal\/lamerica\/wp-json\/wp\/v2\/posts\/2590","targetHints":{"allow":["GET"]}}],"collection":[{"href":"https:\/\/franciscanas.org\/portal\/lamerica\/wp-json\/wp\/v2\/posts"}],"about":[{"href":"https:\/\/franciscanas.org\/portal\/lamerica\/wp-json\/wp\/v2\/types\/post"}],"author":[{"embeddable":true,"href":"https:\/\/franciscanas.org\/portal\/lamerica\/wp-json\/wp\/v2\/users\/1"}],"replies":[{"embeddable":true,"href":"https:\/\/franciscanas.org\/portal\/lamerica\/wp-json\/wp\/v2\/comments?post=2590"}],"version-history":[{"count":1,"href":"https:\/\/franciscanas.org\/portal\/lamerica\/wp-json\/wp\/v2\/posts\/2590\/revisions"}],"predecessor-version":[{"id":2592,"href":"https:\/\/franciscanas.org\/portal\/lamerica\/wp-json\/wp\/v2\/posts\/2590\/revisions\/2592"}],"wp:featuredmedia":[{"embeddable":true,"href":"https:\/\/franciscanas.org\/portal\/lamerica\/wp-json\/wp\/v2\/media\/2591"}],"wp:attachment":[{"href":"https:\/\/franciscanas.org\/portal\/lamerica\/wp-json\/wp\/v2\/media?parent=2590"}],"wp:term":[{"taxonomy":"category","embeddable":true,"href":"https:\/\/franciscanas.org\/portal\/lamerica\/wp-json\/wp\/v2\/categories?post=2590"},{"taxonomy":"post_tag","embeddable":true,"href":"https:\/\/franciscanas.org\/portal\/lamerica\/wp-json\/wp\/v2\/tags?post=2590"}],"curies":[{"name":"wp","href":"https:\/\/api.w.org\/{rel}","templated":true}]}}