{"id":2582,"date":"2023-06-30T08:30:00","date_gmt":"2023-06-30T13:30:00","guid":{"rendered":"https:\/\/franciscanas.org\/portal\/lamerica\/?p=2582"},"modified":"2023-07-01T09:14:31","modified_gmt":"2023-07-01T14:14:31","slug":"13er-domingo-del-tiempo-ordinario","status":"publish","type":"post","link":"https:\/\/franciscanas.org\/portal\/lamerica\/evangelio-del-domingo\/13er-domingo-del-tiempo-ordinario\/","title":{"rendered":"13er Domingo del Tiempo Ordinario"},"content":{"rendered":"\n<p class=\"has-vivid-red-color has-text-color\"><strong>EVANGELIO<\/strong> de Mateo 10, 37- 42<\/p>\n\n\n\n<p>37 El que ama a su padre o a su madre m\u00e1s que a m\u00ed, no es digno de m\u00ed; y el que ama a su hijo o a su hija m\u00e1s que a m\u00ed, no es digno de m\u00ed.<br>38 El que no toma su cruz y me sigue, no es digno de m\u00ed.<br>39 El que encuentre su vida, la perder\u00e1; y el que pierda su vida por m\u00ed, la encontrar\u00e1.<br>40 El que los recibe a ustedes, me recibe a m\u00ed; y el que me recibe, recibe a aquel que me envi\u00f3.<br>41 El que recibe a un profeta por ser profeta, tendr\u00e1 la recompensa de un profeta; y el que recibe a un justo por ser justo, tendr\u00e1 la recompensa de un justo.<br>42 Les aseguro que cualquiera que d\u00e9 de beber, aunque s\u00f3lo sea un vaso de agua fresca, a uno de estos peque\u00f1os por ser mi disc\u00edpulo, no quedar\u00e1 sin recompensa&#8221;.<\/p>\n\n\n\n<p class=\"has-vivid-red-color has-text-color\">Palabra del Se\u00f1or.<\/p>\n","protected":false},"excerpt":{"rendered":"<p>El que los recibe a ustedes, me recibe a m\u00ed; y el que me recibe, recibe a aquel que me envi\u00f3.<\/p>\n","protected":false},"author":1,"featured_media":2585,"comment_status":"closed","ping_status":"closed","sticky":false,"template":"","format":"standard","meta":{"_et_pb_use_builder":"off","_et_pb_old_content":"","_et_gb_content_width":"1200","footnotes":""},"categories":[95],"tags":[],"class_list":["post-2582","post","type-post","status-publish","format-standard","has-post-thumbnail","hentry","category-evangelio-del-domingo"],"_links":{"self":[{"href":"https:\/\/franciscanas.org\/portal\/lamerica\/wp-json\/wp\/v2\/posts\/2582","targetHints":{"allow":["GET"]}}],"collection":[{"href":"https:\/\/franciscanas.org\/portal\/lamerica\/wp-json\/wp\/v2\/posts"}],"about":[{"href":"https:\/\/franciscanas.org\/portal\/lamerica\/wp-json\/wp\/v2\/types\/post"}],"author":[{"embeddable":true,"href":"https:\/\/franciscanas.org\/portal\/lamerica\/wp-json\/wp\/v2\/users\/1"}],"replies":[{"embeddable":true,"href":"https:\/\/franciscanas.org\/portal\/lamerica\/wp-json\/wp\/v2\/comments?post=2582"}],"version-history":[{"count":1,"href":"https:\/\/franciscanas.org\/portal\/lamerica\/wp-json\/wp\/v2\/posts\/2582\/revisions"}],"predecessor-version":[{"id":2586,"href":"https:\/\/franciscanas.org\/portal\/lamerica\/wp-json\/wp\/v2\/posts\/2582\/revisions\/2586"}],"wp:featuredmedia":[{"embeddable":true,"href":"https:\/\/franciscanas.org\/portal\/lamerica\/wp-json\/wp\/v2\/media\/2585"}],"wp:attachment":[{"href":"https:\/\/franciscanas.org\/portal\/lamerica\/wp-json\/wp\/v2\/media?parent=2582"}],"wp:term":[{"taxonomy":"category","embeddable":true,"href":"https:\/\/franciscanas.org\/portal\/lamerica\/wp-json\/wp\/v2\/categories?post=2582"},{"taxonomy":"post_tag","embeddable":true,"href":"https:\/\/franciscanas.org\/portal\/lamerica\/wp-json\/wp\/v2\/tags?post=2582"}],"curies":[{"name":"wp","href":"https:\/\/api.w.org\/{rel}","templated":true}]}}