{"id":2575,"date":"2023-06-23T20:30:00","date_gmt":"2023-06-24T01:30:00","guid":{"rendered":"https:\/\/franciscanas.org\/portal\/lamerica\/?p=2575"},"modified":"2023-07-08T09:42:13","modified_gmt":"2023-07-08T14:42:13","slug":"12o-domingo-del-tiempo-ordinario","status":"publish","type":"post","link":"https:\/\/franciscanas.org\/portal\/lamerica\/evangelio-del-domingo\/12o-domingo-del-tiempo-ordinario\/","title":{"rendered":"12\u00ba Domingo del Tiempo Ordinario"},"content":{"rendered":"\n<p class=\"has-vivid-red-color has-text-color\"><strong>EVANGELIO <\/strong>de Mateo 10,26-33<\/p>\n\n\n\n<p>En aquel tiempo, dijo Jes\u00fas a sus Ap\u00f3stoles:<br>26 \u00abNo teng\u00e1is miedo a los hombres. Pues no hay nada encubierto que no haya de ser descubierto, ni oculto que no haya de saberse.<br>27 Lo que yo os digo en la oscuridad, decidlo vosotros a la luz; y lo que o\u00eds al o\u00eddo, proclamadlo desde los terrados.<br>28 Y no tem\u00e1is a los que matan el cuerpo, pero no pueden matar el alma; temed m\u00e1s bien a aquel que puede llevar a la perdici\u00f3n alma y cuerpo en la gehenna.<br>29 \u00bfNo se venden dos pajarillos por un as? Pues bien, ni uno de ellos caer\u00e1 en tierra sin el consentimiento de vuestro Padre.<br>30 En cuanto a vosotros, hasta los cabellos de vuestra cabeza est\u00e1n todos contados.<br>31 No tem\u00e1is, pues; vosotros val\u00e9is m\u00e1s que muchos pajarillos.<br>32 Porque todo aquel que se declare por m\u00ed ante los hombres, yo tambi\u00e9n me declarar\u00e9 por \u00e9l ante mi Padre que est\u00e1 en los cielos;<br>33 pero a quien me niegue ante los hombres, le negar\u00e9 yo tambi\u00e9n ante mi Padre que est\u00e1 en los cielos\u00bb.<\/p>\n\n\n\n<p class=\"has-vivid-red-color has-text-color\">Palabra del Se\u00f1or.<\/p>\n","protected":false},"excerpt":{"rendered":"<p>No hay nada encubierto que no haya de ser descubierto.<\/p>\n","protected":false},"author":1,"featured_media":2576,"comment_status":"closed","ping_status":"closed","sticky":false,"template":"","format":"standard","meta":{"_et_pb_use_builder":"off","_et_pb_old_content":"","_et_gb_content_width":"1200","footnotes":""},"categories":[95],"tags":[],"class_list":["post-2575","post","type-post","status-publish","format-standard","has-post-thumbnail","hentry","category-evangelio-del-domingo"],"_links":{"self":[{"href":"https:\/\/franciscanas.org\/portal\/lamerica\/wp-json\/wp\/v2\/posts\/2575","targetHints":{"allow":["GET"]}}],"collection":[{"href":"https:\/\/franciscanas.org\/portal\/lamerica\/wp-json\/wp\/v2\/posts"}],"about":[{"href":"https:\/\/franciscanas.org\/portal\/lamerica\/wp-json\/wp\/v2\/types\/post"}],"author":[{"embeddable":true,"href":"https:\/\/franciscanas.org\/portal\/lamerica\/wp-json\/wp\/v2\/users\/1"}],"replies":[{"embeddable":true,"href":"https:\/\/franciscanas.org\/portal\/lamerica\/wp-json\/wp\/v2\/comments?post=2575"}],"version-history":[{"count":2,"href":"https:\/\/franciscanas.org\/portal\/lamerica\/wp-json\/wp\/v2\/posts\/2575\/revisions"}],"predecessor-version":[{"id":2597,"href":"https:\/\/franciscanas.org\/portal\/lamerica\/wp-json\/wp\/v2\/posts\/2575\/revisions\/2597"}],"wp:featuredmedia":[{"embeddable":true,"href":"https:\/\/franciscanas.org\/portal\/lamerica\/wp-json\/wp\/v2\/media\/2576"}],"wp:attachment":[{"href":"https:\/\/franciscanas.org\/portal\/lamerica\/wp-json\/wp\/v2\/media?parent=2575"}],"wp:term":[{"taxonomy":"category","embeddable":true,"href":"https:\/\/franciscanas.org\/portal\/lamerica\/wp-json\/wp\/v2\/categories?post=2575"},{"taxonomy":"post_tag","embeddable":true,"href":"https:\/\/franciscanas.org\/portal\/lamerica\/wp-json\/wp\/v2\/tags?post=2575"}],"curies":[{"name":"wp","href":"https:\/\/api.w.org\/{rel}","templated":true}]}}