{"id":2503,"date":"2023-06-16T20:30:00","date_gmt":"2023-06-17T01:30:00","guid":{"rendered":"https:\/\/franciscanas.org\/portal\/lamerica\/?p=2503"},"modified":"2023-07-08T09:42:24","modified_gmt":"2023-07-08T14:42:24","slug":"11o-domingo-del-tiempo-ordinario","status":"publish","type":"post","link":"https:\/\/franciscanas.org\/portal\/lamerica\/evangelio-del-domingo\/11o-domingo-del-tiempo-ordinario\/","title":{"rendered":"11\u00ba Domingo del Tiempo Ordinario"},"content":{"rendered":"\n<p class=\"has-vivid-red-color has-text-color\"><strong>EVANGELIO<\/strong> de Mateo  9, 36 &#8211; 10,8<\/p>\n\n\n\n<p>En aquel tiempo,<br>36 al ver Jes\u00fas a la muchedumbre, sinti\u00f3 compasi\u00f3n de ella, porque estaban vejados y abatidos como ovejas que no tienen pastor. Entonces dice a sus disc\u00edpulos:<br>37 \u00abLa mies es mucha y los obreros pocos.<br>38 Rogad, pues, al Due\u00f1o de la mies que env\u00ede obreros a su mies\u00bb.<br>10,1 Y llamando a sus doce disc\u00edpulos, les dio poder sobre los esp\u00edritus inmundos para expulsarlos, y para curar toda enfermedad y toda dolencia.<br>2 Los nombres de los doce Ap\u00f3stoles son \u00e9stos: primero Sim\u00f3n, llamado Pedro, y su hermano Andr\u00e9s; Santiago el de Zebedeo y su hermano Juan; 3 Felipe y Bartolom\u00e9; Tom\u00e1s y Mateo el publicano; Santiago el de Alfeo y Tadeo;<br>4 Sim\u00f3n el Cananeo y Judas el Iscariote, el mismo que le entreg\u00f3.<br>5 A estos doce envi\u00f3 Jes\u00fas, despu\u00e9s de darles estas instrucciones: \u00abNo tom\u00e9is camino de gentiles ni entr\u00e9is en ciudad de samaritanos; dirig\u00edos m\u00e1s bien a las ovejas perdidas de la casa de Israel.<br>6 Id proclamando que \u2018el Reino de los Cielos est\u00e1 cerca\u2019.<br>8 Curad enfermos, resucitad muertos, purificad leprosos, expulsad demonios. Gratis lo recibisteis; dadlo gratis\u00bb.<\/p>\n\n\n\n<p class=\"has-vivid-red-color has-text-color\">Palabra del Se\u00f1or.<\/p>\n","protected":false},"excerpt":{"rendered":"<p>\u00abLa mies es mucha y los obreros pocos. Rogad, pues, al Due\u00f1o de la mies que env\u00ede obreros a su mies\u00bb.<\/p>\n","protected":false},"author":1,"featured_media":2505,"comment_status":"closed","ping_status":"closed","sticky":false,"template":"","format":"standard","meta":{"_et_pb_use_builder":"off","_et_pb_old_content":"","_et_gb_content_width":"1200","footnotes":""},"categories":[95],"tags":[],"class_list":["post-2503","post","type-post","status-publish","format-standard","has-post-thumbnail","hentry","category-evangelio-del-domingo"],"_links":{"self":[{"href":"https:\/\/franciscanas.org\/portal\/lamerica\/wp-json\/wp\/v2\/posts\/2503","targetHints":{"allow":["GET"]}}],"collection":[{"href":"https:\/\/franciscanas.org\/portal\/lamerica\/wp-json\/wp\/v2\/posts"}],"about":[{"href":"https:\/\/franciscanas.org\/portal\/lamerica\/wp-json\/wp\/v2\/types\/post"}],"author":[{"embeddable":true,"href":"https:\/\/franciscanas.org\/portal\/lamerica\/wp-json\/wp\/v2\/users\/1"}],"replies":[{"embeddable":true,"href":"https:\/\/franciscanas.org\/portal\/lamerica\/wp-json\/wp\/v2\/comments?post=2503"}],"version-history":[{"count":3,"href":"https:\/\/franciscanas.org\/portal\/lamerica\/wp-json\/wp\/v2\/posts\/2503\/revisions"}],"predecessor-version":[{"id":2598,"href":"https:\/\/franciscanas.org\/portal\/lamerica\/wp-json\/wp\/v2\/posts\/2503\/revisions\/2598"}],"wp:featuredmedia":[{"embeddable":true,"href":"https:\/\/franciscanas.org\/portal\/lamerica\/wp-json\/wp\/v2\/media\/2505"}],"wp:attachment":[{"href":"https:\/\/franciscanas.org\/portal\/lamerica\/wp-json\/wp\/v2\/media?parent=2503"}],"wp:term":[{"taxonomy":"category","embeddable":true,"href":"https:\/\/franciscanas.org\/portal\/lamerica\/wp-json\/wp\/v2\/categories?post=2503"},{"taxonomy":"post_tag","embeddable":true,"href":"https:\/\/franciscanas.org\/portal\/lamerica\/wp-json\/wp\/v2\/tags?post=2503"}],"curies":[{"name":"wp","href":"https:\/\/api.w.org\/{rel}","templated":true}]}}