{"id":2501,"date":"2023-06-09T20:30:00","date_gmt":"2023-06-10T01:30:00","guid":{"rendered":"https:\/\/franciscanas.org\/portal\/lamerica\/?p=2501"},"modified":"2023-06-17T12:51:44","modified_gmt":"2023-06-17T17:51:44","slug":"solenidad-del-cuerpo-y-de-la-sangre-de-cristo","status":"publish","type":"post","link":"https:\/\/franciscanas.org\/portal\/lamerica\/evangelio-del-domingo\/solenidad-del-cuerpo-y-de-la-sangre-de-cristo\/","title":{"rendered":"Solenidad del Cuerpo y de la Sangre de Cristo"},"content":{"rendered":"\n<p class=\"has-vivid-red-color has-text-color\"><strong>EVANGELIO<\/strong> de Juan 6, 51-58<\/p>\n\n\n\n<p>En aquel tiempo, Jes\u00fas dijo a los jud\u00edos:<br>51 \u00abYo soy el pan vivo, bajado del cielo. Si uno come de este pan, vivir\u00e1 para siempre; y el pan que yo le voy a dar, es mi carne por la vida del mundo\u00bb.<br>52 Discut\u00edan entre s\u00ed los jud\u00edos y dec\u00edan: \u00ab\u00bfC\u00f3mo puede \u00e9ste darnos a comer su carne?\u00bb.<br>53 Jes\u00fas les dijo: \u00abEn verdad, en verdad os digo: si no com\u00e9is la carne del Hijo del hombre, y no beb\u00e9is su sangre, no ten\u00e9is vida en vosotros.<br>54 El que come mi carne y bebe mi sangre, tiene vida eterna, y yo le resucitar\u00e9 el \u00faltimo d\u00eda.<br>55 Porque mi carne es verdadera comida y mi sangre verdadera bebida.<br>56 El que come mi carne y bebe mi sangre, permanece en m\u00ed, y yo en \u00e9l.<br>57 Lo mismo que el Padre, que vive, me ha enviado y yo vivo por el Padre, tambi\u00e9n el que me coma vivir\u00e1 por m\u00ed.<br>58 \u00c9ste es el pan bajado del cielo; no como el que comieron vuestros padres, y murieron; el que coma este pan vivir\u00e1 para siempre\u00bb.<\/p>\n\n\n\n<p class=\"has-vivid-red-color has-text-color\">Palabra del Se\u00f1or.<\/p>\n","protected":false},"excerpt":{"rendered":"<p>EVANGELIO de Juan 6, 51-58 En aquel tiempo, Jes\u00fas dijo a los jud\u00edos:51 \u00abYo soy el pan vivo, bajado del cielo. Si uno come de este pan, vivir\u00e1 para siempre; y el pan que yo le voy a dar, es mi carne por la vida del mundo\u00bb.52 Discut\u00edan entre s\u00ed los jud\u00edos y dec\u00edan: \u00ab\u00bfC\u00f3mo [&hellip;]<\/p>\n","protected":false},"author":1,"featured_media":2507,"comment_status":"closed","ping_status":"closed","sticky":false,"template":"","format":"standard","meta":{"_et_pb_use_builder":"off","_et_pb_old_content":"","_et_gb_content_width":"1200","footnotes":""},"categories":[95],"tags":[],"class_list":["post-2501","post","type-post","status-publish","format-standard","has-post-thumbnail","hentry","category-evangelio-del-domingo"],"_links":{"self":[{"href":"https:\/\/franciscanas.org\/portal\/lamerica\/wp-json\/wp\/v2\/posts\/2501","targetHints":{"allow":["GET"]}}],"collection":[{"href":"https:\/\/franciscanas.org\/portal\/lamerica\/wp-json\/wp\/v2\/posts"}],"about":[{"href":"https:\/\/franciscanas.org\/portal\/lamerica\/wp-json\/wp\/v2\/types\/post"}],"author":[{"embeddable":true,"href":"https:\/\/franciscanas.org\/portal\/lamerica\/wp-json\/wp\/v2\/users\/1"}],"replies":[{"embeddable":true,"href":"https:\/\/franciscanas.org\/portal\/lamerica\/wp-json\/wp\/v2\/comments?post=2501"}],"version-history":[{"count":1,"href":"https:\/\/franciscanas.org\/portal\/lamerica\/wp-json\/wp\/v2\/posts\/2501\/revisions"}],"predecessor-version":[{"id":2502,"href":"https:\/\/franciscanas.org\/portal\/lamerica\/wp-json\/wp\/v2\/posts\/2501\/revisions\/2502"}],"wp:featuredmedia":[{"embeddable":true,"href":"https:\/\/franciscanas.org\/portal\/lamerica\/wp-json\/wp\/v2\/media\/2507"}],"wp:attachment":[{"href":"https:\/\/franciscanas.org\/portal\/lamerica\/wp-json\/wp\/v2\/media?parent=2501"}],"wp:term":[{"taxonomy":"category","embeddable":true,"href":"https:\/\/franciscanas.org\/portal\/lamerica\/wp-json\/wp\/v2\/categories?post=2501"},{"taxonomy":"post_tag","embeddable":true,"href":"https:\/\/franciscanas.org\/portal\/lamerica\/wp-json\/wp\/v2\/tags?post=2501"}],"curies":[{"name":"wp","href":"https:\/\/api.w.org\/{rel}","templated":true}]}}