{"id":2439,"date":"2023-05-26T20:30:00","date_gmt":"2023-05-27T01:30:00","guid":{"rendered":"https:\/\/franciscanas.org\/portal\/lamerica\/?p=2439"},"modified":"2023-05-26T15:44:29","modified_gmt":"2023-05-26T20:44:29","slug":"pentecostes-2","status":"publish","type":"post","link":"https:\/\/franciscanas.org\/portal\/lamerica\/evangelio-del-domingo\/pentecostes-2\/","title":{"rendered":"Pentecost\u00e9s"},"content":{"rendered":"\n<p class=\"has-vivid-red-color has-text-color\"><strong>EVANGELIO<\/strong> de Juan 20,19-23 <\/p>\n\n\n\n<p>19 Al atardecer de aquel d\u00eda, el primero de la semana, estando cerradas, por miedo a los jud\u00edos, las puertas del lugar donde se encontraban los disc\u00edpulos, se present\u00f3 Jes\u00fas en medio de ellos y les dijo: \u00abLa paz con vosotros\u00bb.<br>20 Dicho esto, les mostr\u00f3 las manos y el costado. Los disc\u00edpulos se alegraron de ver al Se\u00f1or.<br>21 Jes\u00fas les dijo otra vez: \u00abLa paz con vosotros. Como el Padre me envi\u00f3, tambi\u00e9n yo os env\u00edo\u00bb.<br>22 Dicho esto, sopl\u00f3 sobre ellos y les dijo: \u00abRecibid el Esp\u00edritu Santo.<br>23 A quienes perdon\u00e9is los pecados, les quedan perdonados; a quienes se los reteng\u00e1is, les quedan retenidos\u00bb.<\/p>\n\n\n\n<p class=\"has-vivid-red-color has-text-color\">Palabra del Se\u00f1or.<\/p>\n\n\n\n<p class=\"has-vivid-red-color has-text-color\"><\/p>\n\n\n\n<p><\/p>\n","protected":false},"excerpt":{"rendered":"<p>\u00abLa paz con vosotros. Como el Padre me envi\u00f3, tambi\u00e9n yo os env\u00edo\u00bb.<\/p>\n","protected":false},"author":1,"featured_media":2441,"comment_status":"closed","ping_status":"closed","sticky":false,"template":"","format":"standard","meta":{"_et_pb_use_builder":"off","_et_pb_old_content":"","_et_gb_content_width":"1200","footnotes":""},"categories":[95],"tags":[],"class_list":["post-2439","post","type-post","status-publish","format-standard","has-post-thumbnail","hentry","category-evangelio-del-domingo"],"_links":{"self":[{"href":"https:\/\/franciscanas.org\/portal\/lamerica\/wp-json\/wp\/v2\/posts\/2439","targetHints":{"allow":["GET"]}}],"collection":[{"href":"https:\/\/franciscanas.org\/portal\/lamerica\/wp-json\/wp\/v2\/posts"}],"about":[{"href":"https:\/\/franciscanas.org\/portal\/lamerica\/wp-json\/wp\/v2\/types\/post"}],"author":[{"embeddable":true,"href":"https:\/\/franciscanas.org\/portal\/lamerica\/wp-json\/wp\/v2\/users\/1"}],"replies":[{"embeddable":true,"href":"https:\/\/franciscanas.org\/portal\/lamerica\/wp-json\/wp\/v2\/comments?post=2439"}],"version-history":[{"count":1,"href":"https:\/\/franciscanas.org\/portal\/lamerica\/wp-json\/wp\/v2\/posts\/2439\/revisions"}],"predecessor-version":[{"id":2440,"href":"https:\/\/franciscanas.org\/portal\/lamerica\/wp-json\/wp\/v2\/posts\/2439\/revisions\/2440"}],"wp:featuredmedia":[{"embeddable":true,"href":"https:\/\/franciscanas.org\/portal\/lamerica\/wp-json\/wp\/v2\/media\/2441"}],"wp:attachment":[{"href":"https:\/\/franciscanas.org\/portal\/lamerica\/wp-json\/wp\/v2\/media?parent=2439"}],"wp:term":[{"taxonomy":"category","embeddable":true,"href":"https:\/\/franciscanas.org\/portal\/lamerica\/wp-json\/wp\/v2\/categories?post=2439"},{"taxonomy":"post_tag","embeddable":true,"href":"https:\/\/franciscanas.org\/portal\/lamerica\/wp-json\/wp\/v2\/tags?post=2439"}],"curies":[{"name":"wp","href":"https:\/\/api.w.org\/{rel}","templated":true}]}}