{"id":2300,"date":"2023-05-19T20:30:00","date_gmt":"2023-05-20T01:30:00","guid":{"rendered":"https:\/\/franciscanas.org\/portal\/lamerica\/?p=2300"},"modified":"2023-05-19T13:42:32","modified_gmt":"2023-05-19T18:42:32","slug":"ascension-del-senor","status":"publish","type":"post","link":"https:\/\/franciscanas.org\/portal\/lamerica\/evangelio-del-domingo\/ascension-del-senor\/","title":{"rendered":"Ascensi\u00f3n del Se\u00f1or"},"content":{"rendered":"\n<p class=\"has-vivid-red-color has-text-color\"><strong>EVANGELIO<\/strong> Mateo 28,16-20<\/p>\n\n\n\n<p>En aquel tiempo,<br>16 los once disc\u00edpulos fueron a Galilea, a la monta\u00f1a donde Jes\u00fas los hab\u00eda citado.<br>17 Al verlo, se postraron delante de el; sin embargo, algunos todav\u00eda dudaron.<br>18 Acerc\u00e1ndose, Jes\u00fas les dijo: &#8220;Yo he recibido todo poder en el cielo y en la tierra.<br>19 Vayan, y hagan que todos los pueblos sean mis disc\u00edpulos, bautiz\u00e1ndolos en el nombre del Padre y del Hijo y del Esp\u00edritu Santo,<br>20 y ense\u00f1\u00e1ndoles a cumplir todo lo que yo les he mandado. Y yo estar\u00e9 siempre con ustedes hasta el fin del mundo&#8221;.<\/p>\n\n\n\n<p class=\"has-vivid-red-color has-text-color\">Palabra del Se\u00f1or.<\/p>\n","protected":false},"excerpt":{"rendered":"<p>Vayan, y hagan que todos los pueblos sean mis disc\u00edpulos, bautiz\u00e1ndolos en el nombre del Padre y del Hijo y del Esp\u00edritu Santo.<\/p>\n","protected":false},"author":1,"featured_media":2301,"comment_status":"closed","ping_status":"closed","sticky":false,"template":"","format":"standard","meta":{"_et_pb_use_builder":"off","_et_pb_old_content":"","_et_gb_content_width":"1200","footnotes":""},"categories":[95],"tags":[],"class_list":["post-2300","post","type-post","status-publish","format-standard","has-post-thumbnail","hentry","category-evangelio-del-domingo"],"_links":{"self":[{"href":"https:\/\/franciscanas.org\/portal\/lamerica\/wp-json\/wp\/v2\/posts\/2300","targetHints":{"allow":["GET"]}}],"collection":[{"href":"https:\/\/franciscanas.org\/portal\/lamerica\/wp-json\/wp\/v2\/posts"}],"about":[{"href":"https:\/\/franciscanas.org\/portal\/lamerica\/wp-json\/wp\/v2\/types\/post"}],"author":[{"embeddable":true,"href":"https:\/\/franciscanas.org\/portal\/lamerica\/wp-json\/wp\/v2\/users\/1"}],"replies":[{"embeddable":true,"href":"https:\/\/franciscanas.org\/portal\/lamerica\/wp-json\/wp\/v2\/comments?post=2300"}],"version-history":[{"count":1,"href":"https:\/\/franciscanas.org\/portal\/lamerica\/wp-json\/wp\/v2\/posts\/2300\/revisions"}],"predecessor-version":[{"id":2302,"href":"https:\/\/franciscanas.org\/portal\/lamerica\/wp-json\/wp\/v2\/posts\/2300\/revisions\/2302"}],"wp:featuredmedia":[{"embeddable":true,"href":"https:\/\/franciscanas.org\/portal\/lamerica\/wp-json\/wp\/v2\/media\/2301"}],"wp:attachment":[{"href":"https:\/\/franciscanas.org\/portal\/lamerica\/wp-json\/wp\/v2\/media?parent=2300"}],"wp:term":[{"taxonomy":"category","embeddable":true,"href":"https:\/\/franciscanas.org\/portal\/lamerica\/wp-json\/wp\/v2\/categories?post=2300"},{"taxonomy":"post_tag","embeddable":true,"href":"https:\/\/franciscanas.org\/portal\/lamerica\/wp-json\/wp\/v2\/tags?post=2300"}],"curies":[{"name":"wp","href":"https:\/\/api.w.org\/{rel}","templated":true}]}}