{"id":2249,"date":"2023-05-12T20:30:00","date_gmt":"2023-05-13T01:30:00","guid":{"rendered":"https:\/\/franciscanas.org\/portal\/lamerica\/?p=2249"},"modified":"2023-05-15T11:29:29","modified_gmt":"2023-05-15T16:29:29","slug":"domingo-vi-de-pascua","status":"publish","type":"post","link":"https:\/\/franciscanas.org\/portal\/lamerica\/evangelio-del-domingo\/domingo-vi-de-pascua\/","title":{"rendered":"Domingo VI de Pascua"},"content":{"rendered":"\n<p class=\"has-vivid-red-color has-text-color\"><strong>EVANGELIO<\/strong> de Juan 14,15-21<\/p>\n\n\n\n<p>En aquel tiempo, Jes\u00fas dijo a sus disc\u00edpulos:<br>15 \u201cSi ustedes me aman, cumplir\u00e1n mis mandamientos.<br>16 Y yo rogar\u00e9 al Padre, y \u00e9l les dar\u00e1 otro Par\u00e1clito para que est\u00e9 siempre con ustedes:<br>17el Esp\u00edritu de la Verdad, a quien el mundo no puede recibir, porque no lo ve ni lo conoce. Ustedes, en cambio, lo conocen, porque \u00e9l permanece con ustedes y estar\u00e1 en ustedes.<br>18 No los dejar\u00e9 hu\u00e9rfanos, volver\u00e9 a ustedes.<br>19 Dentro de poco el mundo ya no me ver\u00e1, pero ustedes s\u00ed me ver\u00e1n, porque yo vivo y tambi\u00e9n ustedes vivir\u00e1n.<br>20 Aquel d\u00eda comprender\u00e1n que yo estoy en mi Padre, y que ustedes est\u00e1n en m\u00ed y yo en ustedes.<br>21 El que recibe mis mandamientos y los cumple, ese es el que me ama; y el que me ama ser\u00e1 amado por mi Padre, y yo lo amar\u00e9 y me manifestar\u00e9 a \u00e9l\u201d.<\/p>\n\n\n\n<p class=\"has-vivid-red-color has-text-color\"><strong>Palabra del Se\u00f1or.<\/strong><\/p>\n","protected":false},"excerpt":{"rendered":"<p>Si ustedes me aman, cumplir\u00e1n mis mandamientos<\/p>\n","protected":false},"author":1,"featured_media":2250,"comment_status":"closed","ping_status":"closed","sticky":false,"template":"","format":"standard","meta":{"_et_pb_use_builder":"off","_et_pb_old_content":"","_et_gb_content_width":"1200","footnotes":""},"categories":[95],"tags":[],"class_list":["post-2249","post","type-post","status-publish","format-standard","has-post-thumbnail","hentry","category-evangelio-del-domingo"],"_links":{"self":[{"href":"https:\/\/franciscanas.org\/portal\/lamerica\/wp-json\/wp\/v2\/posts\/2249","targetHints":{"allow":["GET"]}}],"collection":[{"href":"https:\/\/franciscanas.org\/portal\/lamerica\/wp-json\/wp\/v2\/posts"}],"about":[{"href":"https:\/\/franciscanas.org\/portal\/lamerica\/wp-json\/wp\/v2\/types\/post"}],"author":[{"embeddable":true,"href":"https:\/\/franciscanas.org\/portal\/lamerica\/wp-json\/wp\/v2\/users\/1"}],"replies":[{"embeddable":true,"href":"https:\/\/franciscanas.org\/portal\/lamerica\/wp-json\/wp\/v2\/comments?post=2249"}],"version-history":[{"count":1,"href":"https:\/\/franciscanas.org\/portal\/lamerica\/wp-json\/wp\/v2\/posts\/2249\/revisions"}],"predecessor-version":[{"id":2251,"href":"https:\/\/franciscanas.org\/portal\/lamerica\/wp-json\/wp\/v2\/posts\/2249\/revisions\/2251"}],"wp:featuredmedia":[{"embeddable":true,"href":"https:\/\/franciscanas.org\/portal\/lamerica\/wp-json\/wp\/v2\/media\/2250"}],"wp:attachment":[{"href":"https:\/\/franciscanas.org\/portal\/lamerica\/wp-json\/wp\/v2\/media?parent=2249"}],"wp:term":[{"taxonomy":"category","embeddable":true,"href":"https:\/\/franciscanas.org\/portal\/lamerica\/wp-json\/wp\/v2\/categories?post=2249"},{"taxonomy":"post_tag","embeddable":true,"href":"https:\/\/franciscanas.org\/portal\/lamerica\/wp-json\/wp\/v2\/tags?post=2249"}],"curies":[{"name":"wp","href":"https:\/\/api.w.org\/{rel}","templated":true}]}}