{"id":2182,"date":"2023-05-05T20:30:00","date_gmt":"2023-05-06T01:30:00","guid":{"rendered":"https:\/\/franciscanas.org\/portal\/lamerica\/?p=2182"},"modified":"2023-05-07T11:37:46","modified_gmt":"2023-05-07T16:37:46","slug":"domingo-v-de-pascua","status":"publish","type":"post","link":"https:\/\/franciscanas.org\/portal\/lamerica\/evangelio-del-domingo\/domingo-v-de-pascua\/","title":{"rendered":"Domingo V de Pascua"},"content":{"rendered":"\n<p class=\"has-vivid-red-color has-text-color\"><strong>EVANGELIO de Juan 14,1-12<\/strong><\/p>\n\n\n\n<p>En aquel tiempo, Jes\u00fas dijo a sus disc\u00edpulos:<br>1 \u00abNo se turbe vuestro coraz\u00f3n. Cre\u00e9is en Dios: creed tambi\u00e9n en m\u00ed.<br>2 En la casa de mi Padre hay muchas mansiones; si no, os lo habr\u00eda dicho; porque voy a prepararos un lugar.<br>3 Y cuando haya ido y os haya preparado un lugar, volver\u00e9 y os tomar\u00e9 conmigo, para que donde est\u00e9 yo est\u00e9is tambi\u00e9n vosotros.<br>4 Y adonde yo voy sab\u00e9is el camino\u00bb.<br>5 Le dice Tom\u00e1s: \u00abSe\u00f1or, no sabemos a d\u00f3nde vas, \u00bfc\u00f3mo podemos saber el camino?\u00bb.<br>6 Le dice Jes\u00fas: \u00abYo soy el Camino, la Verdad y la Vida. Nadie va al Padre sino por m\u00ed.<br>7 Si me conoc\u00e9is a m\u00ed, conocer\u00e9is tambi\u00e9n a mi Padre; desde ahora lo conoc\u00e9is y lo hab\u00e9is visto\u00bb.<br>8 Le dice Felipe: \u00abSe\u00f1or, mu\u00e9stranos al Padre y nos basta\u00bb.<br>9 Le dice Jes\u00fas: \u00ab\u00bfTanto tiempo hace que estoy con vosotros y no me conoces Felipe? El que me ha visto a m\u00ed, ha visto al Padre. \u00bfC\u00f3mo dices t\u00fa: \u2018Mu\u00e9stranos al Padre\u2019?<br>10 \u00bfNo crees que yo estoy en el Padre y el Padre est\u00e1 en m\u00ed? Las palabras que os digo, no las digo por mi cuenta; el Padre que permanece en m\u00ed es el que realiza las obras.<br>11 Creedme: yo estoy en el Padre y el Padre est\u00e1 en m\u00ed. Al menos, creedlo por las obras.<br>12 En verdad, en verdad os digo: el que crea en m\u00ed, har\u00e1 \u00e9l tambi\u00e9n las obras que yo hago, y har\u00e1 mayores a\u00fan, porque yo voy al Padre\u00bb.<\/p>\n\n\n\n<p class=\"has-vivid-red-color has-text-color\">Palabra del Se\u00f1or.<\/p>\n","protected":false},"excerpt":{"rendered":"<p>&#8220;Yo soy el Camino, la Verdad y la Vida. Nadie va al Padre sino por m\u00ed.<br \/>\nSi me conoc\u00e9is a m\u00ed, conocer\u00e9is tambi\u00e9n a mi Padre&#8221;.<\/p>\n","protected":false},"author":1,"featured_media":2183,"comment_status":"closed","ping_status":"closed","sticky":false,"template":"","format":"standard","meta":{"_et_pb_use_builder":"off","_et_pb_old_content":"","_et_gb_content_width":"1200","footnotes":""},"categories":[95],"tags":[],"class_list":["post-2182","post","type-post","status-publish","format-standard","has-post-thumbnail","hentry","category-evangelio-del-domingo"],"_links":{"self":[{"href":"https:\/\/franciscanas.org\/portal\/lamerica\/wp-json\/wp\/v2\/posts\/2182","targetHints":{"allow":["GET"]}}],"collection":[{"href":"https:\/\/franciscanas.org\/portal\/lamerica\/wp-json\/wp\/v2\/posts"}],"about":[{"href":"https:\/\/franciscanas.org\/portal\/lamerica\/wp-json\/wp\/v2\/types\/post"}],"author":[{"embeddable":true,"href":"https:\/\/franciscanas.org\/portal\/lamerica\/wp-json\/wp\/v2\/users\/1"}],"replies":[{"embeddable":true,"href":"https:\/\/franciscanas.org\/portal\/lamerica\/wp-json\/wp\/v2\/comments?post=2182"}],"version-history":[{"count":1,"href":"https:\/\/franciscanas.org\/portal\/lamerica\/wp-json\/wp\/v2\/posts\/2182\/revisions"}],"predecessor-version":[{"id":2184,"href":"https:\/\/franciscanas.org\/portal\/lamerica\/wp-json\/wp\/v2\/posts\/2182\/revisions\/2184"}],"wp:featuredmedia":[{"embeddable":true,"href":"https:\/\/franciscanas.org\/portal\/lamerica\/wp-json\/wp\/v2\/media\/2183"}],"wp:attachment":[{"href":"https:\/\/franciscanas.org\/portal\/lamerica\/wp-json\/wp\/v2\/media?parent=2182"}],"wp:term":[{"taxonomy":"category","embeddable":true,"href":"https:\/\/franciscanas.org\/portal\/lamerica\/wp-json\/wp\/v2\/categories?post=2182"},{"taxonomy":"post_tag","embeddable":true,"href":"https:\/\/franciscanas.org\/portal\/lamerica\/wp-json\/wp\/v2\/tags?post=2182"}],"curies":[{"name":"wp","href":"https:\/\/api.w.org\/{rel}","templated":true}]}}