{"id":2162,"date":"2023-04-28T20:30:00","date_gmt":"2023-04-29T01:30:00","guid":{"rendered":"https:\/\/franciscanas.org\/portal\/lamerica\/?p=2162"},"modified":"2023-04-21T19:56:37","modified_gmt":"2023-04-22T00:56:37","slug":"domingo-iv-de-pascua","status":"publish","type":"post","link":"https:\/\/franciscanas.org\/portal\/lamerica\/evangelio-del-domingo\/domingo-iv-de-pascua\/","title":{"rendered":"Domingo IV de Pascua"},"content":{"rendered":"\n<p><\/p>\n\n\n\n<p class=\"has-vivid-red-color has-text-color\"><strong>EVANGELIO<\/strong> de Jn 10,1-10<\/p>\n\n\n\n<p>En aquel tiempo, dijo Jes\u00fas:<br>1 \u00abEn verdad, en verdad os digo: el que no entra por la puerta en el redil de las ovejas, sino que escala por otro lado, \u00e9se es un ladr\u00f3n y un salteador;<br>2 pero el que entra por la puerta es pastor de las ovejas.<br>3 A \u00e9ste le abre el portero, y las ovejas escuchan su voz; y a sus ovejas las llama una por una y las saca fuera.<br>4 Cuando ha sacado todas las suyas, va delante de ellas, y las ovejas le siguen, porque conocen su voz. 5 Pero no seguir\u00e1n a un extra\u00f1o, sino que huir\u00e1n de \u00e9l, porque no conocen la voz de los extra\u00f1os\u00bb.<br>6 Jes\u00fas les dijo esta par\u00e1bola, pero ellos no comprendieron lo que les hablaba.<br>7 Entonces Jes\u00fas les dijo de nuevo: \u00abEn verdad, en verdad os digo: yo soy la puerta de las ovejas.<br>8 Todos los que han venido delante de m\u00ed son ladrones y salteadores; pero las ovejas no les escucharon.<br>9 Yo soy la puerta; si uno entra por m\u00ed, estar\u00e1 a salvo; entrar\u00e1 y saldr\u00e1 y encontrar\u00e1 pasto.<br>10 El ladr\u00f3n no viene m\u00e1s que a robar, matar y destruir. Yo he venido para que tengan vida y la tengan en abundancia\u00bb.<\/p>\n\n\n\n<p class=\"has-vivid-red-color has-text-color\">Palabra del Se\u00f1or.<\/p>\n","protected":false},"excerpt":{"rendered":"<p>Yo soy la puerta; si uno entra por m\u00ed, estar\u00e1 a salvo; entrar\u00e1 y saldr\u00e1 y encontrar\u00e1 pasto.<\/p>\n","protected":false},"author":1,"featured_media":2163,"comment_status":"closed","ping_status":"closed","sticky":false,"template":"","format":"standard","meta":{"_et_pb_use_builder":"off","_et_pb_old_content":"","_et_gb_content_width":"1200","footnotes":""},"categories":[95],"tags":[],"class_list":["post-2162","post","type-post","status-publish","format-standard","has-post-thumbnail","hentry","category-evangelio-del-domingo"],"_links":{"self":[{"href":"https:\/\/franciscanas.org\/portal\/lamerica\/wp-json\/wp\/v2\/posts\/2162","targetHints":{"allow":["GET"]}}],"collection":[{"href":"https:\/\/franciscanas.org\/portal\/lamerica\/wp-json\/wp\/v2\/posts"}],"about":[{"href":"https:\/\/franciscanas.org\/portal\/lamerica\/wp-json\/wp\/v2\/types\/post"}],"author":[{"embeddable":true,"href":"https:\/\/franciscanas.org\/portal\/lamerica\/wp-json\/wp\/v2\/users\/1"}],"replies":[{"embeddable":true,"href":"https:\/\/franciscanas.org\/portal\/lamerica\/wp-json\/wp\/v2\/comments?post=2162"}],"version-history":[{"count":1,"href":"https:\/\/franciscanas.org\/portal\/lamerica\/wp-json\/wp\/v2\/posts\/2162\/revisions"}],"predecessor-version":[{"id":2164,"href":"https:\/\/franciscanas.org\/portal\/lamerica\/wp-json\/wp\/v2\/posts\/2162\/revisions\/2164"}],"wp:featuredmedia":[{"embeddable":true,"href":"https:\/\/franciscanas.org\/portal\/lamerica\/wp-json\/wp\/v2\/media\/2163"}],"wp:attachment":[{"href":"https:\/\/franciscanas.org\/portal\/lamerica\/wp-json\/wp\/v2\/media?parent=2162"}],"wp:term":[{"taxonomy":"category","embeddable":true,"href":"https:\/\/franciscanas.org\/portal\/lamerica\/wp-json\/wp\/v2\/categories?post=2162"},{"taxonomy":"post_tag","embeddable":true,"href":"https:\/\/franciscanas.org\/portal\/lamerica\/wp-json\/wp\/v2\/tags?post=2162"}],"curies":[{"name":"wp","href":"https:\/\/api.w.org\/{rel}","templated":true}]}}