{"id":2144,"date":"2023-04-14T20:30:00","date_gmt":"2023-04-15T01:30:00","guid":{"rendered":"https:\/\/franciscanas.org\/portal\/lamerica\/?p=2144"},"modified":"2023-04-08T08:11:22","modified_gmt":"2023-04-08T13:11:22","slug":"domingo-ii-de-pascua","status":"publish","type":"post","link":"https:\/\/franciscanas.org\/portal\/lamerica\/evangelio-del-domingo\/domingo-ii-de-pascua\/","title":{"rendered":"Domingo II de Pascua"},"content":{"rendered":"\n<p class=\"has-vivid-red-color has-text-color\"><strong>EVANGELIO<\/strong> Jn 20, 19 -31<\/p>\n\n\n\n<p>19 Ese mismo d\u00eda, el primero despu\u00e9s del s\u00e1bado, los disc\u00edpulos estaban reunidos por la tarde, con las puertas cerradas por miedo a los jud\u00edos. Lleg\u00f3 Jes\u00fas, se puso de pie en medio de ellos y les dijo: \u00ab\u00a1La paz est\u00e9 con ustedes!\u00bb<br>20 Dicho esto, les mostr\u00f3 las manos y el costado. Los disc\u00edpulos se alegraron mucho al ver al Se\u00f1or.<br>21 Jes\u00fas les volvi\u00f3 a decir: \u00ab\u00a1La paz est\u00e9 con ustedes! Como el Padre me env\u00edo a m\u00ed, as\u00ed los env\u00edo yo tambi\u00e9n.\u00bb<br>22 Dicho esto, sopl\u00f3 sobre ellos y les dijo: \u00abReciban el Esp\u00edritu Santo:<br>23 a quienes descarguen de sus pecados, ser\u00e1n liberados, y a quienes se los retengan, les ser\u00e1n retenidos.\u00bb<br>24 Tom\u00e1s, uno de los Doce, llamado el Mellizo, no estaba con ellos cuando vino Jes\u00fas.<br>25 Los otros disc\u00edpulos le dijeron: \u00abHemos visto al Se\u00f1or.\u00bb Pero \u00e9l contest\u00f3: \u00abHasta que no vea la marca de los clavos en sus manos, no meta mis dedos en el agujero de los clavos y no introduzca mi mano en la herida de su costado, no creer\u00e9.\u00bb<br>26 Ocho d\u00edas despu\u00e9s, los disc\u00edpulos de Jes\u00fas estaban otra vez en casa, y Tom\u00e1s con ellos. Estando las puertas cerradas, Jes\u00fas vino y se puso en medio de ellos. Les dijo: \u00abLa paz est\u00e9 con ustedes.\u00bb<br>27 Despu\u00e9s dijo a Tom\u00e1s: \u00abPon aqu\u00ed tu dedo y mira mis manos; extiende tu mano y m\u00e9tela en mi costado. Deja de negar y cree.\u00bb<br>28 Tom\u00e1s exclam\u00f3: \u00abT\u00fa eres mi Se\u00f1or y mi Dios.\u00bb<br>29 Jes\u00fas replic\u00f3: \u00abCrees porque me has visto. \u00a1Felices los que no han visto, pero creen!\u00bb<br>30 Muchas otras se\u00f1ales milagrosas hizo Jes\u00fas en presencia de sus disc\u00edpulos que no est\u00e1n escritas en este libro.<br>31 Estas han sido escritas para que crean que Jes\u00fas es el Cristo, el Hijo de Dios. Crean, y tendr\u00e1n vida por su Nombre.&#8221;<\/p>\n\n\n\n<p class=\"has-vivid-red-color has-text-color\">Palabra del Se\u00f1or.<\/p>\n","protected":false},"excerpt":{"rendered":"<p> Jes\u00fas replic\u00f3: \u00abCrees porque me has visto. \u00a1Felices los que no han visto, pero creen!\u00bb<\/p>\n","protected":false},"author":1,"featured_media":2145,"comment_status":"closed","ping_status":"closed","sticky":false,"template":"","format":"standard","meta":{"_et_pb_use_builder":"off","_et_pb_old_content":"","_et_gb_content_width":"1200","footnotes":""},"categories":[95],"tags":[],"class_list":["post-2144","post","type-post","status-publish","format-standard","has-post-thumbnail","hentry","category-evangelio-del-domingo"],"_links":{"self":[{"href":"https:\/\/franciscanas.org\/portal\/lamerica\/wp-json\/wp\/v2\/posts\/2144","targetHints":{"allow":["GET"]}}],"collection":[{"href":"https:\/\/franciscanas.org\/portal\/lamerica\/wp-json\/wp\/v2\/posts"}],"about":[{"href":"https:\/\/franciscanas.org\/portal\/lamerica\/wp-json\/wp\/v2\/types\/post"}],"author":[{"embeddable":true,"href":"https:\/\/franciscanas.org\/portal\/lamerica\/wp-json\/wp\/v2\/users\/1"}],"replies":[{"embeddable":true,"href":"https:\/\/franciscanas.org\/portal\/lamerica\/wp-json\/wp\/v2\/comments?post=2144"}],"version-history":[{"count":1,"href":"https:\/\/franciscanas.org\/portal\/lamerica\/wp-json\/wp\/v2\/posts\/2144\/revisions"}],"predecessor-version":[{"id":2146,"href":"https:\/\/franciscanas.org\/portal\/lamerica\/wp-json\/wp\/v2\/posts\/2144\/revisions\/2146"}],"wp:featuredmedia":[{"embeddable":true,"href":"https:\/\/franciscanas.org\/portal\/lamerica\/wp-json\/wp\/v2\/media\/2145"}],"wp:attachment":[{"href":"https:\/\/franciscanas.org\/portal\/lamerica\/wp-json\/wp\/v2\/media?parent=2144"}],"wp:term":[{"taxonomy":"category","embeddable":true,"href":"https:\/\/franciscanas.org\/portal\/lamerica\/wp-json\/wp\/v2\/categories?post=2144"},{"taxonomy":"post_tag","embeddable":true,"href":"https:\/\/franciscanas.org\/portal\/lamerica\/wp-json\/wp\/v2\/tags?post=2144"}],"curies":[{"name":"wp","href":"https:\/\/api.w.org\/{rel}","templated":true}]}}