{"id":2110,"date":"2023-03-17T20:30:00","date_gmt":"2023-03-18T01:30:00","guid":{"rendered":"https:\/\/franciscanas.org\/portal\/lamerica\/?p=2110"},"modified":"2023-04-21T19:06:19","modified_gmt":"2023-04-22T00:06:19","slug":"iv-domingo-de-cuaresma","status":"publish","type":"post","link":"https:\/\/franciscanas.org\/portal\/lamerica\/evangelio-del-domingo\/iv-domingo-de-cuaresma\/","title":{"rendered":"IV Domingo de Cuaresma"},"content":{"rendered":"\n<p class=\"has-vivid-red-color has-text-color\"><strong>EVANGELIO Jn 9, 1.6-9. 13-17. 34-38<\/strong><\/p>\n\n\n\n<p>En aquel tiempo,<br>1 al pasar, vio Jes\u00fas a un hombre ciego de nacimiento.<br>6 entonces escupi\u00f3 en la tierra, hizo barro con la saliva, se lo unt\u00f3 en los ojos al ciego,<br>7 y le dijo: \u00abVe a lavarte a la piscina de Silo\u00e9 (que significa Enviado)\u00bb. \u00c9l fue, se lav\u00f3, y volvi\u00f3 con vista.<br>8 Y los vecinos y los que antes sol\u00edan verlo pedir limosna preguntaban: \u00ab\u00bfNo es ese el que se sentaba a pedir?\u00bb.<br>9 Unos dec\u00edan: \u00abEl mismo\u00bb. Otros dec\u00edan: \u00abNo es \u00e9l, pero se le parece\u00bb. El respond\u00eda: \u00abSoy yo\u00bb.<br>13 Llevaron ante los fariseos al que hab\u00eda sido ciego.<br>14 Era s\u00e1bado el d\u00eda que Jes\u00fas hizo barro y le abri\u00f3 los ojos.<br>15 Tambi\u00e9n los fariseos le preguntaban c\u00f3mo hab\u00eda adquirido la vista.\u00c9l les contest\u00f3: \u00abMe puso barro en los ojos, me lav\u00e9 y veo\u00bb.<br>16 Algunos de Los fariseos comentaban: \u00abEste hombre no viene de Dios, porque no guarda el s\u00e1bado\u00bb. Otros replicaban: \u00ab\u00bfC\u00f3mo puede un pecador hacer semejantes signos?\u00bb.<br>17 Y estaban divididos. Y volvieron a preguntarle al ciego: \u00abY t\u00fa, \u00bfqu\u00e9 dices del que te ha abierto los ojos?\u00bb.  \u00c9l contest\u00f3: \u00abQue es un profeta\u00bb. Le replicaron:<br>34 \u00abHas nacido completamente empecatado, \u00bfy nos vas a dar lecciones a nosotros?\u00bb.Y lo expulsaron.<br>35 Oy\u00f3 Jes\u00fas que lo hab\u00edan expulsado, lo encontr\u00f3 y le dijo: \u00ab\u00bfCrees t\u00fa en el Hijo del hombre?\u00bb.<br>36 \u00c9l contest\u00f3: \u00ab\u00bfY qui\u00e9n es, Se\u00f1or, para que crea en \u00e9l?\u00bb.<br>37Jes\u00fas le dijo: \u00abLo est\u00e1s viendo: el que te est\u00e1 hablando, ese es\u00bb.<br>38 \u00c9l dijo: \u00abCreo, Se\u00f1or\u00bb. Y se postr\u00f3 ante \u00e9l.<\/p>\n\n\n\n<p class=\"has-vivid-red-color has-text-color\">Palabra del Se\u00f1or.<\/p>\n","protected":false},"excerpt":{"rendered":"<p>\u00c9l fue, se lav\u00f3, y volvi\u00f3 con vista.<\/p>\n","protected":false},"author":1,"featured_media":2116,"comment_status":"closed","ping_status":"closed","sticky":false,"template":"","format":"standard","meta":{"_et_pb_use_builder":"off","_et_pb_old_content":"","_et_gb_content_width":"1200","footnotes":""},"categories":[95],"tags":[],"class_list":["post-2110","post","type-post","status-publish","format-standard","has-post-thumbnail","hentry","category-evangelio-del-domingo"],"_links":{"self":[{"href":"https:\/\/franciscanas.org\/portal\/lamerica\/wp-json\/wp\/v2\/posts\/2110","targetHints":{"allow":["GET"]}}],"collection":[{"href":"https:\/\/franciscanas.org\/portal\/lamerica\/wp-json\/wp\/v2\/posts"}],"about":[{"href":"https:\/\/franciscanas.org\/portal\/lamerica\/wp-json\/wp\/v2\/types\/post"}],"author":[{"embeddable":true,"href":"https:\/\/franciscanas.org\/portal\/lamerica\/wp-json\/wp\/v2\/users\/1"}],"replies":[{"embeddable":true,"href":"https:\/\/franciscanas.org\/portal\/lamerica\/wp-json\/wp\/v2\/comments?post=2110"}],"version-history":[{"count":2,"href":"https:\/\/franciscanas.org\/portal\/lamerica\/wp-json\/wp\/v2\/posts\/2110\/revisions"}],"predecessor-version":[{"id":2115,"href":"https:\/\/franciscanas.org\/portal\/lamerica\/wp-json\/wp\/v2\/posts\/2110\/revisions\/2115"}],"wp:featuredmedia":[{"embeddable":true,"href":"https:\/\/franciscanas.org\/portal\/lamerica\/wp-json\/wp\/v2\/media\/2116"}],"wp:attachment":[{"href":"https:\/\/franciscanas.org\/portal\/lamerica\/wp-json\/wp\/v2\/media?parent=2110"}],"wp:term":[{"taxonomy":"category","embeddable":true,"href":"https:\/\/franciscanas.org\/portal\/lamerica\/wp-json\/wp\/v2\/categories?post=2110"},{"taxonomy":"post_tag","embeddable":true,"href":"https:\/\/franciscanas.org\/portal\/lamerica\/wp-json\/wp\/v2\/tags?post=2110"}],"curies":[{"name":"wp","href":"https:\/\/api.w.org\/{rel}","templated":true}]}}