{"id":2104,"date":"2023-03-10T20:30:00","date_gmt":"2023-03-11T01:30:00","guid":{"rendered":"https:\/\/franciscanas.org\/portal\/lamerica\/?p=2104"},"modified":"2023-03-17T07:11:30","modified_gmt":"2023-03-17T12:11:30","slug":"iii-domingo-de-cuaresma","status":"publish","type":"post","link":"https:\/\/franciscanas.org\/portal\/lamerica\/evangelio-del-domingo\/iii-domingo-de-cuaresma\/","title":{"rendered":"III Domingo de Cuaresma"},"content":{"rendered":"\n<p class=\"has-vivid-red-color has-text-color\"><strong>EVANGELIO Jn 4, 5-15.19b -26.39a. 40-42<\/strong><\/p>\n\n\n\n<p>En aquel tiempo,<br>5 lleg\u00f3 Jes\u00fas a una ciudad de Samar\u00eda llamada Sicar, cerca del campo que dio Jacob a su hijo Jos\u00e9;<br>6 all\u00ed estaba el pozo de Jacob. Jes\u00fas, cansado del camino, estaba all\u00ed sentado junto al pozo. Era hacia la hora sexta.<br>7 Llega una mujer de Samar\u00eda a sacar agua, y Jes\u00fas le dice: \u00abDame de beber\u00bb.<br>8 Sus disc\u00edpulos se hab\u00edan ido al pueblo a comprar comida.<br>9 La samaritana le dice: \u00ab\u00bfC\u00f3mo t\u00fa, siendo jud\u00edo, me pides de beber a m\u00ed, que soy samaritana?\u00bb (porque los jud\u00edos no se tratan con los samaritanos).<br>10 Jes\u00fas le contest\u00f3: \u00abSi conocieras el don de Dios y qui\u00e9n es el que te dice \u201cdame de beber\u201d, le pedir\u00edas t\u00fa, y \u00e9l te dar\u00eda agua viva\u00bb.<br>11 La mujer le dice: \u00abSe\u00f1or, si no tienes cubo, y el pozo es hondo, \u00bfde d\u00f3nde sacas el agua viva?;<br>12 \u00bferes t\u00fa m\u00e1s que nuestro padre Jacob, que nos dio este pozo, y de \u00e9l bebieron \u00e9l y sus hijos y sus ganados?\u00bb.<br>13 Jes\u00fas le contest\u00f3: \u00abEl que bebe de esta agua vuelve a tener sed;<br>14 pero el que beba del agua que yo le dar\u00e9 nunca m\u00e1s tendr\u00e1 sed: el agua que yo le dar\u00e9 se convertir\u00e1 dentro de \u00e9l en un surtidor de agua que salta hasta la vida eterna\u00bb.<br>15 La mujer le dice: \u00abSe\u00f1or, dame esa agua: as\u00ed no tendr\u00e9 m\u00e1s sed, ni tendr\u00e9 que venir aqu\u00ed a sacarla.<br>19b Veo que t\u00fa eres un profeta.<br>20 Nuestros padres dieron culto en este monte, y vosotros dec\u00eds que el sitio donde se debe dar culto est\u00e1 en Jerusal\u00e9n\u00bb.<br>21 Jes\u00fas le dice: \u00abCr\u00e9eme, mujer: se acerca la hora en que ni en este monte ni en Jerusal\u00e9n adorar\u00e9is al Padre.<br>22 Vosotros ador\u00e1is a uno que no conoc\u00e9is; nosotros adoramos a uno que conocemos, porque la salvaci\u00f3n viene de los jud\u00edos. 23 Pero se acerca la hora, ya est\u00e1 aqu\u00ed, en que los verdaderos adoradores adorar\u00e1n al Padre en esp\u00edritu y verdad, porque el Padre desea que lo adoren as\u00ed.<br>24 Dios es esp\u00edritu, y los que lo adoran deben hacerlo en esp\u00edritu y verdad\u00bb.<br>25 La mujer le dice: \u00abS\u00e9 que va a venir el Mes\u00edas, el Cristo; cuando venga, \u00e9l nos lo dir\u00e1 todo\u00bb.<br>26 Jes\u00fas le dice: \u00abSoy yo, el que habla contigo\u00bb.<br>39a En aquel pueblo muchos creyeron en \u00e9l.<br>40 As\u00ed, cuando llegaron a verlo los samaritanos, le rogaban que se quedara con ellos. Y se qued\u00f3 all\u00ed dos d\u00edas.<br>41 Todav\u00eda creyeron muchos m\u00e1s por su predicaci\u00f3n,<br>42 y dec\u00edan a la mujer: \u00abYa no creemos por lo que t\u00fa dices; nosotros mismos lo hemos o\u00eddo y sabemos que \u00e9l es de verdad el Salvador del mundo\u00bb.<\/p>\n\n\n\n<p class=\"has-vivid-red-color has-text-color\">Palabra del Se\u00f1or.<\/p>\n","protected":false},"excerpt":{"rendered":"<p>Si conocieras el don de Dios y qui\u00e9n es el que te dice \u201cdame de beber\u201d, le pedir\u00edas t\u00fa, y \u00e9l te dar\u00eda agua viva.<\/p>\n","protected":false},"author":1,"featured_media":2105,"comment_status":"closed","ping_status":"closed","sticky":false,"template":"","format":"standard","meta":{"_et_pb_use_builder":"off","_et_pb_old_content":"","_et_gb_content_width":"1200","footnotes":""},"categories":[95],"tags":[],"class_list":["post-2104","post","type-post","status-publish","format-standard","has-post-thumbnail","hentry","category-evangelio-del-domingo"],"_links":{"self":[{"href":"https:\/\/franciscanas.org\/portal\/lamerica\/wp-json\/wp\/v2\/posts\/2104","targetHints":{"allow":["GET"]}}],"collection":[{"href":"https:\/\/franciscanas.org\/portal\/lamerica\/wp-json\/wp\/v2\/posts"}],"about":[{"href":"https:\/\/franciscanas.org\/portal\/lamerica\/wp-json\/wp\/v2\/types\/post"}],"author":[{"embeddable":true,"href":"https:\/\/franciscanas.org\/portal\/lamerica\/wp-json\/wp\/v2\/users\/1"}],"replies":[{"embeddable":true,"href":"https:\/\/franciscanas.org\/portal\/lamerica\/wp-json\/wp\/v2\/comments?post=2104"}],"version-history":[{"count":4,"href":"https:\/\/franciscanas.org\/portal\/lamerica\/wp-json\/wp\/v2\/posts\/2104\/revisions"}],"predecessor-version":[{"id":2109,"href":"https:\/\/franciscanas.org\/portal\/lamerica\/wp-json\/wp\/v2\/posts\/2104\/revisions\/2109"}],"wp:featuredmedia":[{"embeddable":true,"href":"https:\/\/franciscanas.org\/portal\/lamerica\/wp-json\/wp\/v2\/media\/2105"}],"wp:attachment":[{"href":"https:\/\/franciscanas.org\/portal\/lamerica\/wp-json\/wp\/v2\/media?parent=2104"}],"wp:term":[{"taxonomy":"category","embeddable":true,"href":"https:\/\/franciscanas.org\/portal\/lamerica\/wp-json\/wp\/v2\/categories?post=2104"},{"taxonomy":"post_tag","embeddable":true,"href":"https:\/\/franciscanas.org\/portal\/lamerica\/wp-json\/wp\/v2\/tags?post=2104"}],"curies":[{"name":"wp","href":"https:\/\/api.w.org\/{rel}","templated":true}]}}