{"id":2099,"date":"2023-03-03T20:30:00","date_gmt":"2023-03-04T01:30:00","guid":{"rendered":"https:\/\/franciscanas.org\/portal\/lamerica\/?p=2099"},"modified":"2023-03-17T07:00:43","modified_gmt":"2023-03-17T12:00:43","slug":"ii-domingo-de-cuaresma","status":"publish","type":"post","link":"https:\/\/franciscanas.org\/portal\/lamerica\/evangelio-del-domingo\/ii-domingo-de-cuaresma\/","title":{"rendered":"II Domingo de Cuaresma"},"content":{"rendered":"\n<p class=\"has-vivid-red-color has-text-color\"><strong>EVANGELIO Mt 17,1-19<\/strong><\/p>\n\n\n\n<p>En aquel tiempo,<br>1 Jes\u00fas toma consigo a Pedro, a Santiago y a su hermano Juan, y los lleva aparte, a un monte alto.<br>2 Y se transfigur\u00f3 delante de ellos: su rostro se puso brillante como el sol y sus vestidos se volvieron blancos como la luz.<br>3 En esto, se les aparecieron Mois\u00e9s y El\u00edas que conversaban con \u00c9l.<br>4 Tomando Pedro la palabra, dijo a Jes\u00fas: \u00abSe\u00f1or, bueno es estarnos aqu\u00ed. Si quieres, har\u00e9 aqu\u00ed tres tiendas, una para ti, otra para Mois\u00e9s y otra para El\u00edas\u00bb.<br>5 Todav\u00eda estaba hablando, cuando una nube luminosa los cubri\u00f3 con su sombra y de la nube sal\u00eda una voz que dec\u00eda: \u00ab\u00c9ste es mi Hijo amado, en quien me complazco; escuchadle\u00bb.<br>6 Al o\u00edr esto los disc\u00edpulos cayeron rostro en tierra llenos de miedo.<br>7 Mas Jes\u00fas, acerc\u00e1ndose a ellos, los toc\u00f3 y dijo: \u00abLevantaos, no teng\u00e1is miedo\u00bb.<br>8 Ellos alzaron sus ojos y ya no vieron a nadie m\u00e1s que a Jes\u00fas solo.<br>9 Y cuando bajaban del monte, Jes\u00fas les orden\u00f3: \u00abNo cont\u00e9is a nadie la visi\u00f3n hasta que el Hijo del hombre haya resucitado de entre los muertos\u00bb.<\/p>\n\n\n\n<p class=\"has-vivid-red-color has-text-color\">Palabra del Se\u00f1or.<\/p>\n\n\n\n<p><\/p>\n","protected":false},"excerpt":{"rendered":"<p>\u00c9ste es mi Hijo amado, en quien me complazco; escuchadle.<\/p>\n","protected":false},"author":1,"featured_media":2100,"comment_status":"closed","ping_status":"closed","sticky":false,"template":"","format":"standard","meta":{"_et_pb_use_builder":"off","_et_pb_old_content":"","_et_gb_content_width":"1200","footnotes":""},"categories":[95],"tags":[],"class_list":["post-2099","post","type-post","status-publish","format-standard","has-post-thumbnail","hentry","category-evangelio-del-domingo"],"_links":{"self":[{"href":"https:\/\/franciscanas.org\/portal\/lamerica\/wp-json\/wp\/v2\/posts\/2099","targetHints":{"allow":["GET"]}}],"collection":[{"href":"https:\/\/franciscanas.org\/portal\/lamerica\/wp-json\/wp\/v2\/posts"}],"about":[{"href":"https:\/\/franciscanas.org\/portal\/lamerica\/wp-json\/wp\/v2\/types\/post"}],"author":[{"embeddable":true,"href":"https:\/\/franciscanas.org\/portal\/lamerica\/wp-json\/wp\/v2\/users\/1"}],"replies":[{"embeddable":true,"href":"https:\/\/franciscanas.org\/portal\/lamerica\/wp-json\/wp\/v2\/comments?post=2099"}],"version-history":[{"count":1,"href":"https:\/\/franciscanas.org\/portal\/lamerica\/wp-json\/wp\/v2\/posts\/2099\/revisions"}],"predecessor-version":[{"id":2101,"href":"https:\/\/franciscanas.org\/portal\/lamerica\/wp-json\/wp\/v2\/posts\/2099\/revisions\/2101"}],"wp:featuredmedia":[{"embeddable":true,"href":"https:\/\/franciscanas.org\/portal\/lamerica\/wp-json\/wp\/v2\/media\/2100"}],"wp:attachment":[{"href":"https:\/\/franciscanas.org\/portal\/lamerica\/wp-json\/wp\/v2\/media?parent=2099"}],"wp:term":[{"taxonomy":"category","embeddable":true,"href":"https:\/\/franciscanas.org\/portal\/lamerica\/wp-json\/wp\/v2\/categories?post=2099"},{"taxonomy":"post_tag","embeddable":true,"href":"https:\/\/franciscanas.org\/portal\/lamerica\/wp-json\/wp\/v2\/tags?post=2099"}],"curies":[{"name":"wp","href":"https:\/\/api.w.org\/{rel}","templated":true}]}}