{"id":2089,"date":"2023-02-24T20:30:00","date_gmt":"2023-02-25T01:30:00","guid":{"rendered":"https:\/\/franciscanas.org\/portal\/lamerica\/?p=2089"},"modified":"2023-03-17T07:01:51","modified_gmt":"2023-03-17T12:01:51","slug":"i-domingo-de-cuaresma","status":"publish","type":"post","link":"https:\/\/franciscanas.org\/portal\/lamerica\/evangelio-del-domingo\/i-domingo-de-cuaresma\/","title":{"rendered":"I Domingo de Cuaresma"},"content":{"rendered":"\n<p class=\"has-vivid-red-color has-text-color\"><strong>EVANGELIO Mt 4,1-11<\/strong><\/p>\n\n\n\n<p>En aquel tiempo,<br>1 Jes\u00fas fue llevado por el Esp\u00edritu al desierto para ser tentado por el diablo.<br>2 Y despu\u00e9s de hacer un ayuno de cuarenta d\u00edas y cuarenta noches, al fin sinti\u00f3 hambre.<br>3 Y acerc\u00e1ndose el tentador, le dijo: \u00abSi eres Hijo de Dios, di que estas piedras se conviertan en panes\u00bb.<br>4 Mas \u00c9l respondi\u00f3: \u00abEst\u00e1 escrito: \u2018No s\u00f3lo de pan vive el hombre, sino de toda palabra que sale de la boca de Dios\u2019\u00bb.<br>5 Entonces el diablo le lleva consigo a la Ciudad Santa, le pone sobre el alero del Templo,<br>6 y le dice: \u00abSi eres Hijo de Dios, t\u00edrate abajo, porque est\u00e1 escrito: \u2018A sus \u00e1ngeles te encomendar\u00e1, y en sus manos te llevar\u00e1n, para que no tropiece tu pie en piedra alguna\u2019\u00bb.<br>7 Jes\u00fas le dijo: \u00abTambi\u00e9n est\u00e1 escrito: \u2018No tentar\u00e1s al Se\u00f1or tu Dios\u2019\u00bb.<br>8 Todav\u00eda le lleva consigo el diablo a un monte muy alto, le muestra todos los reinos del mundo y su gloria,<br>9 y le dice: \u00abTodo esto te dar\u00e9 si postr\u00e1ndote me adoras\u00bb.<br>10 D\u00edcele entonces Jes\u00fas: \u00abAp\u00e1rtate, Satan\u00e1s, porque est\u00e1 escrito: \u2018Al Se\u00f1or tu Dios adorar\u00e1s, y s\u00f3lo a \u00c9l dar\u00e1s culto\u2019\u00bb.<br>11 Entonces el diablo le deja. Y he aqu\u00ed que se acercaron unos \u00e1ngeles y le serv\u00edan.<\/p>\n\n\n\n<p class=\"has-vivid-red-color has-text-color\">Palabra del Se\u00f1or.<\/p>\n\n\n\n<p><\/p>\n","protected":false},"excerpt":{"rendered":"<p>No tentar\u00e1s al Se\u00f1or tu Dios\u2019.<\/p>\n","protected":false},"author":1,"featured_media":2092,"comment_status":"closed","ping_status":"closed","sticky":false,"template":"","format":"standard","meta":{"_et_pb_use_builder":"off","_et_pb_old_content":"","_et_gb_content_width":"1200","footnotes":""},"categories":[95],"tags":[],"class_list":["post-2089","post","type-post","status-publish","format-standard","has-post-thumbnail","hentry","category-evangelio-del-domingo"],"_links":{"self":[{"href":"https:\/\/franciscanas.org\/portal\/lamerica\/wp-json\/wp\/v2\/posts\/2089","targetHints":{"allow":["GET"]}}],"collection":[{"href":"https:\/\/franciscanas.org\/portal\/lamerica\/wp-json\/wp\/v2\/posts"}],"about":[{"href":"https:\/\/franciscanas.org\/portal\/lamerica\/wp-json\/wp\/v2\/types\/post"}],"author":[{"embeddable":true,"href":"https:\/\/franciscanas.org\/portal\/lamerica\/wp-json\/wp\/v2\/users\/1"}],"replies":[{"embeddable":true,"href":"https:\/\/franciscanas.org\/portal\/lamerica\/wp-json\/wp\/v2\/comments?post=2089"}],"version-history":[{"count":4,"href":"https:\/\/franciscanas.org\/portal\/lamerica\/wp-json\/wp\/v2\/posts\/2089\/revisions"}],"predecessor-version":[{"id":2102,"href":"https:\/\/franciscanas.org\/portal\/lamerica\/wp-json\/wp\/v2\/posts\/2089\/revisions\/2102"}],"wp:featuredmedia":[{"embeddable":true,"href":"https:\/\/franciscanas.org\/portal\/lamerica\/wp-json\/wp\/v2\/media\/2092"}],"wp:attachment":[{"href":"https:\/\/franciscanas.org\/portal\/lamerica\/wp-json\/wp\/v2\/media?parent=2089"}],"wp:term":[{"taxonomy":"category","embeddable":true,"href":"https:\/\/franciscanas.org\/portal\/lamerica\/wp-json\/wp\/v2\/categories?post=2089"},{"taxonomy":"post_tag","embeddable":true,"href":"https:\/\/franciscanas.org\/portal\/lamerica\/wp-json\/wp\/v2\/tags?post=2089"}],"curies":[{"name":"wp","href":"https:\/\/api.w.org\/{rel}","templated":true}]}}