{"id":899,"date":"2021-09-11T00:43:00","date_gmt":"2021-09-11T03:43:00","guid":{"rendered":"https:\/\/franciscanas.org\/portal\/brasil\/?p=899"},"modified":"2021-09-21T00:45:00","modified_gmt":"2021-09-21T03:45:00","slug":"celebracao-do-xxi-capitulo-geral-ordinario","status":"publish","type":"post","link":"https:\/\/franciscanas.org\/portal\/brasil\/noticias\/celebracao-do-xxi-capitulo-geral-ordinario\/","title":{"rendered":"Celebra\u00e7\u00e3o do XXI Cap\u00edtulo Geral Ordin\u00e1rio"},"content":{"rendered":"\n<p>No per\u00edodo de 13 a 28 de setembro de 2021, em Cartagena, Col\u00f4mbia, acontece a celebra\u00e7\u00e3o do XXI Cap\u00edtulo Geral Ordin\u00e1rio da Congrega\u00e7\u00e3o das Irm\u00e3s Franciscanas Mission\u00e1rias de Maria Auxiliadora. O momento \u00e9 marcado por muita expectativa, visto que representa um marco na hist\u00f3ria e na vida de nossa comunidade religiosa nos seus 133 anos de exist\u00eancia.<\/p>\n\n\n\n<p>Em fun\u00e7\u00e3o das pol\u00edticas de conting\u00eancia mediante a pandemia do Covid19, essa assembleia capitular vem sendo adiada de forma extraordin\u00e1ria desde o m\u00eas de fevereiro. Agora, ap\u00f3s as irm\u00e3s participante haverem sido contemplada pela vacina\u00e7\u00e3o, tornou-se poss\u00edvel a realiza\u00e7\u00e3o do evento.<\/p>\n\n\n\n<p>Desde 2016, a Congrega\u00e7\u00e3o vem realizando um processo de reconfigura\u00e7\u00e3o com a presen\u00e7a ativa de todas as irm\u00e3s. Esse processo foi orientado em diversas etapas, envolvendo desde aspectos da vida pessoal de cada irm\u00e3, retomada do carisma institucional, op\u00e7\u00f5es relacionadas \u00e0 miss\u00e3o, at\u00e9 elementos pr\u00e1ticos ligados \u00e0 gest\u00e3o e proposi\u00e7\u00e3o de novo modelo de organiza\u00e7\u00e3o e de governo da Congrega\u00e7\u00e3o. Durante a realiza\u00e7\u00e3o do cap\u00edtulo, ser\u00e3o revisadas e reafirmadas as decis\u00f5es indicadas pelo processo vivenciado at\u00e9 o momento.<\/p>\n\n\n\n<p>De modo geral, a proposta constru\u00edda indica a extin\u00e7\u00e3o do modelo de organiza\u00e7\u00e3o por prov\u00edncias(6) e o estabelecimento de regi\u00f5es mission\u00e1rias(3). O objetivo \u00e9 dar maior dinamismo \u00e0 vida e miss\u00e3o das irm\u00e3s, enxugando estruturas e liberando pessoas para integra\u00e7\u00e3o na miss\u00e3o.<\/p>\n\n\n\n<p>Na sexta-feira, dia 24 de setembro, a sess\u00e3o mais aguardada, \u00e9 o momento de elei\u00e7\u00e3o da equipe que deve compor o governo da Congrega\u00e7\u00e3o para os pr\u00f3ximos cinco anos. Isso se d\u00e1 ap\u00f3s as decis\u00f5es da assembleia capitular, bem como, defini\u00e7\u00e3o do plano de a\u00e7\u00e3o para o quinqu\u00eanio. A equipe eleita assume o desafio de levar a termo o plano estabelecido e orientar a realiza\u00e7\u00e3o das propostas definidas.<\/p>\n\n\n\n<p>Que os Esp\u00edrito Santo conduza a assembleia capitular na tomada de decis\u00f5es e fortale\u00e7a a cada irm\u00e3 no vigor vocacional. Que Santa Maria Bernarda, S\u00e3o Francisco e Santa Clara sejam guias e inspira\u00e7\u00e3o.<\/p>\n","protected":false},"excerpt":{"rendered":"<p>No per\u00edodo de 13 a 28 de setembro de 2021, em Cartagena, Col\u00f4mbia, acontece a celebra\u00e7\u00e3o do XXI Cap\u00edtulo Geral Ordin\u00e1rio da Congrega\u00e7\u00e3o das Irm\u00e3s Franciscanas Mission\u00e1rias de Maria Auxiliadora. O momento \u00e9 marcado por muita expectativa, visto que representa um marco na hist\u00f3ria e na vida de nossa comunidade religiosa nos seus 133 anos de exist\u00eancia.<\/p>\n","protected":false},"author":1,"featured_media":0,"comment_status":"open","ping_status":"open","sticky":false,"template":"","format":"standard","meta":{"_et_pb_use_builder":"off","_et_pb_old_content":"","_et_gb_content_width":"1200","footnotes":""},"categories":[8],"tags":[],"class_list":["post-899","post","type-post","status-publish","format-standard","hentry","category-noticias"],"_links":{"self":[{"href":"https:\/\/franciscanas.org\/portal\/brasil\/wp-json\/wp\/v2\/posts\/899","targetHints":{"allow":["GET"]}}],"collection":[{"href":"https:\/\/franciscanas.org\/portal\/brasil\/wp-json\/wp\/v2\/posts"}],"about":[{"href":"https:\/\/franciscanas.org\/portal\/brasil\/wp-json\/wp\/v2\/types\/post"}],"author":[{"embeddable":true,"href":"https:\/\/franciscanas.org\/portal\/brasil\/wp-json\/wp\/v2\/users\/1"}],"replies":[{"embeddable":true,"href":"https:\/\/franciscanas.org\/portal\/brasil\/wp-json\/wp\/v2\/comments?post=899"}],"version-history":[{"count":1,"href":"https:\/\/franciscanas.org\/portal\/brasil\/wp-json\/wp\/v2\/posts\/899\/revisions"}],"predecessor-version":[{"id":900,"href":"https:\/\/franciscanas.org\/portal\/brasil\/wp-json\/wp\/v2\/posts\/899\/revisions\/900"}],"wp:attachment":[{"href":"https:\/\/franciscanas.org\/portal\/brasil\/wp-json\/wp\/v2\/media?parent=899"}],"wp:term":[{"taxonomy":"category","embeddable":true,"href":"https:\/\/franciscanas.org\/portal\/brasil\/wp-json\/wp\/v2\/categories?post=899"},{"taxonomy":"post_tag","embeddable":true,"href":"https:\/\/franciscanas.org\/portal\/brasil\/wp-json\/wp\/v2\/tags?post=899"}],"curies":[{"name":"wp","href":"https:\/\/api.w.org\/{rel}","templated":true}]}}