{"id":7040,"date":"2026-09-01T15:45:24","date_gmt":"2026-09-01T18:45:24","guid":{"rendered":"https:\/\/franciscanas.org\/portal\/brasil\/?p=7040"},"modified":"2026-07-29T15:47:14","modified_gmt":"2026-07-29T18:47:14","slug":"um-degrau-a-mais-2","status":"publish","type":"post","link":"https:\/\/franciscanas.org\/portal\/brasil\/cartas-de-mb\/um-degrau-a-mais-2\/","title":{"rendered":"Um degrau a mais"},"content":{"rendered":"\n<p class=\"wp-block-paragraph\">Ave Maria<\/p>\n\n\n\n<p class=\"wp-block-paragraph\">Em Jesus amada filha:<\/p>\n\n\n\n<p class=\"wp-block-paragraph\">Que a vontade do Sacrat\u00edssimo Cora\u00e7\u00e3o de Jesus seja fio orientador de sua vida interior. Minha querida, suba decididamente um degrau mais no amor Soube que voc\u00ea queria cuidar dos enfermos, que \u00e9 certamente um desejo bom que agrada muit\u00edssimo ao Cora\u00e7\u00e3o de Jesus. Por\u00e9m, sucede que Deus lhe tem um campo de \u201cenfermaria\u201d ainda mais belo l\u00e1 no Brasil, onde h\u00e1 coxos, cegos, surdos, mudos e carentes de todo g\u00eanero. Como v\u00ea, a espera que possa realizar-se plenamente, apesar de sua d\u00e9bil constitui\u00e7\u00e3o. Com sua ora\u00e7\u00e3o humilde e confiante e com seus incessantes pequenos sacrif\u00edcios feitos com fervente amor, poder\u00e1 soltar a l\u00edngua aos que j\u00e1 n\u00e3o se relacionam com Deus, dar a vista aos cegos, abrir o ouvido aos espiritualmente surdos, levantar de sua pregui\u00e7a an\u00edmica os paral\u00edticos e, com seus sacrif\u00edcios ocultos, poder\u00e1s sustentar a muit\u00edssimos aleijados f\u00edsicos e espirituais.<\/p>\n\n\n\n<p class=\"wp-block-paragraph\">Compreenda ent\u00e3o, querida filha, que se d\u00e1 acolhida em seu cora\u00e7\u00e3o \u00e0 sofredora humanidade inteira, ser\u00e1 uma aut\u00eantica enfermeira segundo o Cora\u00e7\u00e3o de Jesus, pois tamb\u00e9m eu formo parte destes aleijados que conhecemos.<\/p>\n\n\n\n<p class=\"wp-block-paragraph\">Pelo Sacrat\u00edssimo Cora\u00e7\u00e3o de Jesus, a sa\u00fada sua m\u00e3e Irm\u00e3 Maria Bernarda do Sagrado Cora\u00e7\u00e3o de Maria.<\/p>\n\n\n\n<p class=\"wp-block-paragraph\">(Sem data)<\/p>\n\n\n\n<p class=\"wp-block-paragraph\"><\/p>\n","protected":false},"excerpt":{"rendered":"<p>Que a vontade do Sacrat\u00edssimo Cora\u00e7\u00e3o de Jesus seja fio orientador de sua vida interior. <\/p>\n","protected":false},"author":1,"featured_media":6695,"comment_status":"closed","ping_status":"closed","sticky":false,"template":"","format":"standard","meta":{"_et_pb_use_builder":"off","_et_pb_old_content":"","_et_gb_content_width":"1200","footnotes":""},"categories":[83,32],"tags":[],"class_list":["post-7040","post","type-post","status-publish","format-standard","has-post-thumbnail","hentry","category-cartas-amor-e-misericordia","category-cartas-de-mb"],"_links":{"self":[{"href":"https:\/\/franciscanas.org\/portal\/brasil\/wp-json\/wp\/v2\/posts\/7040","targetHints":{"allow":["GET"]}}],"collection":[{"href":"https:\/\/franciscanas.org\/portal\/brasil\/wp-json\/wp\/v2\/posts"}],"about":[{"href":"https:\/\/franciscanas.org\/portal\/brasil\/wp-json\/wp\/v2\/types\/post"}],"author":[{"embeddable":true,"href":"https:\/\/franciscanas.org\/portal\/brasil\/wp-json\/wp\/v2\/users\/1"}],"replies":[{"embeddable":true,"href":"https:\/\/franciscanas.org\/portal\/brasil\/wp-json\/wp\/v2\/comments?post=7040"}],"version-history":[{"count":1,"href":"https:\/\/franciscanas.org\/portal\/brasil\/wp-json\/wp\/v2\/posts\/7040\/revisions"}],"predecessor-version":[{"id":7041,"href":"https:\/\/franciscanas.org\/portal\/brasil\/wp-json\/wp\/v2\/posts\/7040\/revisions\/7041"}],"wp:featuredmedia":[{"embeddable":true,"href":"https:\/\/franciscanas.org\/portal\/brasil\/wp-json\/wp\/v2\/media\/6695"}],"wp:attachment":[{"href":"https:\/\/franciscanas.org\/portal\/brasil\/wp-json\/wp\/v2\/media?parent=7040"}],"wp:term":[{"taxonomy":"category","embeddable":true,"href":"https:\/\/franciscanas.org\/portal\/brasil\/wp-json\/wp\/v2\/categories?post=7040"},{"taxonomy":"post_tag","embeddable":true,"href":"https:\/\/franciscanas.org\/portal\/brasil\/wp-json\/wp\/v2\/tags?post=7040"}],"curies":[{"name":"wp","href":"https:\/\/api.w.org\/{rel}","templated":true}]}}