{"id":7036,"date":"2026-08-25T15:28:26","date_gmt":"2026-08-25T18:28:26","guid":{"rendered":"https:\/\/franciscanas.org\/portal\/brasil\/?p=7036"},"modified":"2026-07-29T15:36:19","modified_gmt":"2026-07-29T18:36:19","slug":"tudo-por-ti-e-nossas-missoes","status":"publish","type":"post","link":"https:\/\/franciscanas.org\/portal\/brasil\/cartas-de-mb\/tudo-por-ti-e-nossas-missoes\/","title":{"rendered":"Tudo por ti e nossas miss\u00f5es"},"content":{"rendered":"\n<p class=\"wp-block-paragraph\">Ave Maria<\/p>\n\n\n\n<p class=\"wp-block-paragraph\">Em Jesus amada filha:<\/p>\n\n\n\n<p class=\"wp-block-paragraph\">Queridas filhas, a boa pr\u00e1tica do sil\u00eancio leva, em pouco tempo, a uma forte vida interior. Assim sendo, a vida oculta em Deus \u00e9 o tesouro escondido no campo, a que alude o Evangelho. Busquemos este tesouro com zelo incans\u00e1vel, porque, se o encontram obtiveram uma grande sorte. A busca \u00e9 trabalhosa, porque exige o vencimento incessante das m\u00e1s inclina\u00e7\u00f5es. Cavar para encontrar esta riqueza significa sacrificar o ressentimento, a comodidade, a autossufici\u00eancia e a superficialidade que intranquilizam e desintegram as pot\u00eancias do Esp\u00edrito e o enchem de escombros e imund\u00edcies. Animem-se e comece sem demora a buscar esta vida oculta em Deus para que se sintam felizes e gozem de profunda paz da alma e inef\u00e1vel un\u00e7\u00e3o do Esp\u00edrito Santo. Ent\u00e3o, queridas filhas, afastem os obst\u00e1culos para ganhar a Jesus por amigo.<\/p>\n\n\n\n<p class=\"wp-block-paragraph\">Cuidem-se tamb\u00e9m de imaginar que uma profunda vida interior seja incompat\u00edvel com o apostolado mission\u00e1rio, pois, Deus quer que a vida interior seja praticada por todos sem distin\u00e7\u00e3o de estado e condi\u00e7\u00e3o. Sufoquem imediatamente suas m\u00e1s inclina\u00e7\u00f5es, trabalhem, sofram e suportem os contratempos e olhem para Jesus para dizer-lhes: \u201cTodo por Ti e para nossas miss\u00f5es\u201d.<\/p>\n\n\n\n<p class=\"wp-block-paragraph\">O querido Deus, a quem tanto agrada a vida interior de suas criaturas humanas, conhece debilidades e limita\u00e7\u00f5es e lhes ajuda na luta.<\/p>\n\n\n\n<p class=\"wp-block-paragraph\">Pelo doce e misericordioso Cora\u00e7\u00e3o de Jesus, as sa\u00fada sua M\u00e3e Maria Bernarda do Sagrado Cora\u00e7\u00e3o de Maria.<\/p>\n\n\n\n<p class=\"wp-block-paragraph\">(Carta sem data)<\/p>\n\n\n\n<p class=\"wp-block-paragraph\"><\/p>\n","protected":false},"excerpt":{"rendered":"<p>A boa pr\u00e1tica do sil\u00eancio leva, em pouco tempo, a uma forte vida interior. Assim sendo, a vida oculta em Deus \u00e9 o tesouro escondido no campo, a que alude o Evangelho. <\/p>\n","protected":false},"author":1,"featured_media":6695,"comment_status":"closed","ping_status":"closed","sticky":false,"template":"","format":"standard","meta":{"_et_pb_use_builder":"off","_et_pb_old_content":"","_et_gb_content_width":"","footnotes":""},"categories":[83,32],"tags":[],"class_list":["post-7036","post","type-post","status-publish","format-standard","has-post-thumbnail","hentry","category-cartas-amor-e-misericordia","category-cartas-de-mb"],"_links":{"self":[{"href":"https:\/\/franciscanas.org\/portal\/brasil\/wp-json\/wp\/v2\/posts\/7036","targetHints":{"allow":["GET"]}}],"collection":[{"href":"https:\/\/franciscanas.org\/portal\/brasil\/wp-json\/wp\/v2\/posts"}],"about":[{"href":"https:\/\/franciscanas.org\/portal\/brasil\/wp-json\/wp\/v2\/types\/post"}],"author":[{"embeddable":true,"href":"https:\/\/franciscanas.org\/portal\/brasil\/wp-json\/wp\/v2\/users\/1"}],"replies":[{"embeddable":true,"href":"https:\/\/franciscanas.org\/portal\/brasil\/wp-json\/wp\/v2\/comments?post=7036"}],"version-history":[{"count":1,"href":"https:\/\/franciscanas.org\/portal\/brasil\/wp-json\/wp\/v2\/posts\/7036\/revisions"}],"predecessor-version":[{"id":7037,"href":"https:\/\/franciscanas.org\/portal\/brasil\/wp-json\/wp\/v2\/posts\/7036\/revisions\/7037"}],"wp:featuredmedia":[{"embeddable":true,"href":"https:\/\/franciscanas.org\/portal\/brasil\/wp-json\/wp\/v2\/media\/6695"}],"wp:attachment":[{"href":"https:\/\/franciscanas.org\/portal\/brasil\/wp-json\/wp\/v2\/media?parent=7036"}],"wp:term":[{"taxonomy":"category","embeddable":true,"href":"https:\/\/franciscanas.org\/portal\/brasil\/wp-json\/wp\/v2\/categories?post=7036"},{"taxonomy":"post_tag","embeddable":true,"href":"https:\/\/franciscanas.org\/portal\/brasil\/wp-json\/wp\/v2\/tags?post=7036"}],"curies":[{"name":"wp","href":"https:\/\/api.w.org\/{rel}","templated":true}]}}