{"id":7034,"date":"2026-08-21T15:21:19","date_gmt":"2026-08-21T18:21:19","guid":{"rendered":"https:\/\/franciscanas.org\/portal\/brasil\/?p=7034"},"modified":"2026-07-29T15:26:52","modified_gmt":"2026-07-29T18:26:52","slug":"tudo-por-ti","status":"publish","type":"post","link":"https:\/\/franciscanas.org\/portal\/brasil\/cartas-de-mb\/tudo-por-ti\/","title":{"rendered":"Tudo por ti"},"content":{"rendered":"\n<p class=\"wp-block-paragraph\">Ave Maria<\/p>\n\n\n\n<p class=\"wp-block-paragraph\">E, Jesus amada filha:<\/p>\n\n\n\n<p class=\"wp-block-paragraph\">Se voc\u00ea pratica resolutamente os prop\u00f3sitos que me indicou com sua cartinha, ser\u00e1 feliz em sua Vida Consagrada. Logo, querida filha, recorde todos os dias que vai avan\u00e7ando em idade e que em pouco tempo come\u00e7ar\u00e1 para voc\u00ea a eternidade, onde j\u00e1 n\u00e3o se poder\u00e1 trabalhar nem sofrer por amor ao amado Jesus. Procure amar muito ao Divino Cora\u00e7\u00e3o de Jesus porque isto lhe ajuda a diminuir mais facilmente suas inclina\u00e7\u00f5es naturais. Leve sobre seus l\u00e1bios, em cada instante as seguintes palavras que tirar\u00e1 do fundo do seu cora\u00e7\u00e3o: \u201ctudo por Ti, Sagrado Cora\u00e7\u00e3o de Jesus\u201d. Sim, querida filha, d\u00ea gl\u00f3ria a Deus com vida santa, e salve-lhe almas. N\u00e3o consinta outras inten\u00e7\u00f5es fora destas, nem afague o seu eu, pois se estagnaria e lhe faria dano. Repita tamb\u00e9m, com frequ\u00eancia o seguinte: Sou Esposa de Cristo, meu Salvador, e s\u00f3 a Ele quero pertencer, e s\u00f3 por Ele quero viver. Olhe depois de tantos anos passados na Vida Religiosa Consagrada, \u00e9 tempo de morrer seriamente \u00e0 vida puramente natural.<br>Adeus!<\/p>\n\n\n\n<p class=\"wp-block-paragraph\">A Sa\u00fada pelo doce Cora\u00e7\u00e3o de Jesus, sua m\u00e3e Maria Bernarda do Sagrado Cora\u00e7\u00e3o de Maria.<\/p>\n\n\n\n<p class=\"wp-block-paragraph\">Ore por mim que farei o mesmo por voc\u00ea.<br>(Sem data)<\/p>\n","protected":false},"excerpt":{"rendered":"<p>Se voc\u00ea pratica resolutamente os prop\u00f3sitos que me indicou com sua cartinha, ser\u00e1 feliz em sua Vida Consagrada.<\/p>\n","protected":false},"author":1,"featured_media":6695,"comment_status":"closed","ping_status":"closed","sticky":false,"template":"","format":"standard","meta":{"_et_pb_use_builder":"off","_et_pb_old_content":"","_et_gb_content_width":"1200","footnotes":""},"categories":[83,32],"tags":[],"class_list":["post-7034","post","type-post","status-publish","format-standard","has-post-thumbnail","hentry","category-cartas-amor-e-misericordia","category-cartas-de-mb"],"_links":{"self":[{"href":"https:\/\/franciscanas.org\/portal\/brasil\/wp-json\/wp\/v2\/posts\/7034","targetHints":{"allow":["GET"]}}],"collection":[{"href":"https:\/\/franciscanas.org\/portal\/brasil\/wp-json\/wp\/v2\/posts"}],"about":[{"href":"https:\/\/franciscanas.org\/portal\/brasil\/wp-json\/wp\/v2\/types\/post"}],"author":[{"embeddable":true,"href":"https:\/\/franciscanas.org\/portal\/brasil\/wp-json\/wp\/v2\/users\/1"}],"replies":[{"embeddable":true,"href":"https:\/\/franciscanas.org\/portal\/brasil\/wp-json\/wp\/v2\/comments?post=7034"}],"version-history":[{"count":1,"href":"https:\/\/franciscanas.org\/portal\/brasil\/wp-json\/wp\/v2\/posts\/7034\/revisions"}],"predecessor-version":[{"id":7035,"href":"https:\/\/franciscanas.org\/portal\/brasil\/wp-json\/wp\/v2\/posts\/7034\/revisions\/7035"}],"wp:featuredmedia":[{"embeddable":true,"href":"https:\/\/franciscanas.org\/portal\/brasil\/wp-json\/wp\/v2\/media\/6695"}],"wp:attachment":[{"href":"https:\/\/franciscanas.org\/portal\/brasil\/wp-json\/wp\/v2\/media?parent=7034"}],"wp:term":[{"taxonomy":"category","embeddable":true,"href":"https:\/\/franciscanas.org\/portal\/brasil\/wp-json\/wp\/v2\/categories?post=7034"},{"taxonomy":"post_tag","embeddable":true,"href":"https:\/\/franciscanas.org\/portal\/brasil\/wp-json\/wp\/v2\/tags?post=7034"}],"curies":[{"name":"wp","href":"https:\/\/api.w.org\/{rel}","templated":true}]}}