{"id":6786,"date":"2026-04-26T14:07:47","date_gmt":"2026-04-26T17:07:47","guid":{"rendered":"https:\/\/franciscanas.org\/portal\/brasil\/?p=6786"},"modified":"2026-04-22T14:40:15","modified_gmt":"2026-04-22T17:40:15","slug":"amor-de-pai-celestial","status":"publish","type":"post","link":"https:\/\/franciscanas.org\/portal\/brasil\/cartas-de-mb\/amor-de-pai-celestial\/","title":{"rendered":"Amor de Pai Celestial"},"content":{"rendered":"\n<p>Ave Maria<br>Em Jesus amadas filhas:<\/p>\n\n\n\n<p>\u201cDeus amou tanto o mundo que lhe deu seu Filho \u00fanico n\u00e3o para condenar o mundo, mas para salv\u00e1-lo\u201d (Jo 2,16 &#8211; 17).<br>Oh! Que grande \u00e9 o amor do Pai Celestial, dando-nos seu Filho Amado, entregando-o aos maiores sofrimentos por nossos pecados. N\u00e3o \u00e9 verdade, querida filha, que dever\u00edamos ter um cora\u00e7\u00e3o de pedra se deix\u00e1ssemos de agradecer e de responder a este amor sem limites? Ent\u00e3o, m\u00e3os \u00e0 obra!<\/p>\n\n\n\n<p>Filha minha, ven\u00e7a-se mil vezes por dia, quer oculta, quer visivelmente, por\u00e9m sempre por puro amor a Deus e com reta inten\u00e7\u00e3o. Se logo suas confiadas veem seu bom exemplo, aprender\u00e3o tamb\u00e9m elas a vencer-se, e voc\u00ea far\u00e1 baixar dos c\u00e9us abundantes b\u00ean\u00e7\u00e3os sobre sua casa e sobre sua pessoa. Veja, os dias se v\u00e3o qual ave que cruza o espa\u00e7o em r\u00e1pido voo. Portanto, apressa-te a amar a Deus mais e mais!<\/p>\n\n\n\n<p>Pelo Cora\u00e7\u00e3o de Jesus, a sa\u00fada sua m\u00e3e Maria Bernarda do Sagrado Cora\u00e7\u00e3o de Maria. Ore por mim!<\/p>\n\n\n\n<p>1 de mar\u00e7o de 1920<br>A 4, p. 7<\/p>\n","protected":false},"excerpt":{"rendered":"<p>\u201cDeus amou tanto o mundo que lhe deu seu Filho \u00fanico n\u00e3o para condenar o mundo, mas para salv\u00e1-lo.&#8221;<\/p>\n","protected":false},"author":1,"featured_media":6695,"comment_status":"closed","ping_status":"closed","sticky":false,"template":"","format":"standard","meta":{"_et_pb_use_builder":"off","_et_pb_old_content":"","_et_gb_content_width":"1200","footnotes":""},"categories":[83,32],"tags":[],"class_list":["post-6786","post","type-post","status-publish","format-standard","has-post-thumbnail","hentry","category-cartas-amor-e-misericordia","category-cartas-de-mb"],"_links":{"self":[{"href":"https:\/\/franciscanas.org\/portal\/brasil\/wp-json\/wp\/v2\/posts\/6786","targetHints":{"allow":["GET"]}}],"collection":[{"href":"https:\/\/franciscanas.org\/portal\/brasil\/wp-json\/wp\/v2\/posts"}],"about":[{"href":"https:\/\/franciscanas.org\/portal\/brasil\/wp-json\/wp\/v2\/types\/post"}],"author":[{"embeddable":true,"href":"https:\/\/franciscanas.org\/portal\/brasil\/wp-json\/wp\/v2\/users\/1"}],"replies":[{"embeddable":true,"href":"https:\/\/franciscanas.org\/portal\/brasil\/wp-json\/wp\/v2\/comments?post=6786"}],"version-history":[{"count":1,"href":"https:\/\/franciscanas.org\/portal\/brasil\/wp-json\/wp\/v2\/posts\/6786\/revisions"}],"predecessor-version":[{"id":6787,"href":"https:\/\/franciscanas.org\/portal\/brasil\/wp-json\/wp\/v2\/posts\/6786\/revisions\/6787"}],"wp:featuredmedia":[{"embeddable":true,"href":"https:\/\/franciscanas.org\/portal\/brasil\/wp-json\/wp\/v2\/media\/6695"}],"wp:attachment":[{"href":"https:\/\/franciscanas.org\/portal\/brasil\/wp-json\/wp\/v2\/media?parent=6786"}],"wp:term":[{"taxonomy":"category","embeddable":true,"href":"https:\/\/franciscanas.org\/portal\/brasil\/wp-json\/wp\/v2\/categories?post=6786"},{"taxonomy":"post_tag","embeddable":true,"href":"https:\/\/franciscanas.org\/portal\/brasil\/wp-json\/wp\/v2\/tags?post=6786"}],"curies":[{"name":"wp","href":"https:\/\/api.w.org\/{rel}","templated":true}]}}