{"id":6774,"date":"2026-04-24T20:30:00","date_gmt":"2026-04-24T23:30:00","guid":{"rendered":"https:\/\/franciscanas.org\/portal\/brasil\/?p=6774"},"modified":"2026-04-21T15:05:34","modified_gmt":"2026-04-21T18:05:34","slug":"4o-domingo-de-pascoa","status":"publish","type":"post","link":"https:\/\/franciscanas.org\/portal\/brasil\/evangelho-do-domingo\/4o-domingo-de-pascoa\/","title":{"rendered":"4\u00ba Domingo de P\u00e1scoa"},"content":{"rendered":"\n<p class=\"has-vivid-red-color has-text-color has-link-color wp-elements-22629f21b394f241feaf461d2e12ec4d\"><strong>Evangelho de Jesus Cristo segundo Jo\u00e3o (Jo 10,1-10)<\/strong><\/p>\n\n\n\n<p>Naquele tempo, disse Jesus:<br>1 &#8220;Em verdade, em verdade vos digo, quem n\u00e3o entra no redil das ovelhas pela porta, mas sobe por outro lugar, \u00e9 ladr\u00e3o e assaltante.<br>2 Quem entra pela porta \u00e9 o pastor das ovelhas.<br>3 A esse o porteiro abre, e as ovelhas escutam a sua voz; ele chama as ovelhas pelo nome e as conduz para fora.<br>4 E, depois de fazer sair todas as que s\u00e3o suas, caminha \u00e0 sua frente, e as ovelhas o seguem, porque conhecem a sua voz.<br>5 Mas n\u00e3o seguem um estranho, antes fogem dele, porque n\u00e3o conhecem a voz dos estranhos&#8221;.<br>6 Jesus contou-lhes esta par\u00e1bola, mas eles n\u00e3o entenderam o que ele queria dizer.<br>7 Ent\u00e3o Jesus continuou: &#8220;Em verdade, em verdade vos digo, eu sou a porta das ovelhas.<br>8 Todos aqueles que vieram antes de mim s\u00e3o ladr\u00f5es e assaltantes, mas as ovelhas n\u00e3o os escutaram.<br>9 Eu sou a porta. Quem entrar por mim, ser\u00e1 salvo; entrar\u00e1 e sair\u00e1 e encontrar\u00e1 pastagem.<br>10 O ladr\u00e3o s\u00f3 vem para roubar, matar e destruir. Eu vim para que tenham vida e a tenham em abund\u00e2ncia.<\/p>\n\n\n\n<p class=\"has-vivid-red-color has-text-color has-link-color wp-elements-3cc7a6e539ad9197ded83c6af347ecff\">Palavra da Salva\u00e7\u00e3o.<\/p>\n","protected":false},"excerpt":{"rendered":"<p>\u201cEu sou a porta. Quem entrar por mim, ser\u00e1 salvo; entrar\u00e1 e sair\u00e1 e encontrar\u00e1 pastagem\u201d<br \/>\n(Jo 10,9).<\/p>\n","protected":false},"author":1,"featured_media":6777,"comment_status":"closed","ping_status":"closed","sticky":false,"template":"","format":"standard","meta":{"_et_pb_use_builder":"off","_et_pb_old_content":"","_et_gb_content_width":"1200","footnotes":""},"categories":[106],"tags":[],"class_list":["post-6774","post","type-post","status-publish","format-standard","has-post-thumbnail","hentry","category-evangelho-do-domingo"],"_links":{"self":[{"href":"https:\/\/franciscanas.org\/portal\/brasil\/wp-json\/wp\/v2\/posts\/6774","targetHints":{"allow":["GET"]}}],"collection":[{"href":"https:\/\/franciscanas.org\/portal\/brasil\/wp-json\/wp\/v2\/posts"}],"about":[{"href":"https:\/\/franciscanas.org\/portal\/brasil\/wp-json\/wp\/v2\/types\/post"}],"author":[{"embeddable":true,"href":"https:\/\/franciscanas.org\/portal\/brasil\/wp-json\/wp\/v2\/users\/1"}],"replies":[{"embeddable":true,"href":"https:\/\/franciscanas.org\/portal\/brasil\/wp-json\/wp\/v2\/comments?post=6774"}],"version-history":[{"count":1,"href":"https:\/\/franciscanas.org\/portal\/brasil\/wp-json\/wp\/v2\/posts\/6774\/revisions"}],"predecessor-version":[{"id":6775,"href":"https:\/\/franciscanas.org\/portal\/brasil\/wp-json\/wp\/v2\/posts\/6774\/revisions\/6775"}],"wp:featuredmedia":[{"embeddable":true,"href":"https:\/\/franciscanas.org\/portal\/brasil\/wp-json\/wp\/v2\/media\/6777"}],"wp:attachment":[{"href":"https:\/\/franciscanas.org\/portal\/brasil\/wp-json\/wp\/v2\/media?parent=6774"}],"wp:term":[{"taxonomy":"category","embeddable":true,"href":"https:\/\/franciscanas.org\/portal\/brasil\/wp-json\/wp\/v2\/categories?post=6774"},{"taxonomy":"post_tag","embeddable":true,"href":"https:\/\/franciscanas.org\/portal\/brasil\/wp-json\/wp\/v2\/tags?post=6774"}],"curies":[{"name":"wp","href":"https:\/\/api.w.org\/{rel}","templated":true}]}}