{"id":4890,"date":"2025-02-07T20:30:00","date_gmt":"2025-02-07T23:30:00","guid":{"rendered":"https:\/\/franciscanas.org\/portal\/brasil\/?p=4890"},"modified":"2025-02-08T08:54:26","modified_gmt":"2025-02-08T11:54:26","slug":"5o-domingo-do-tempo-comum-2","status":"publish","type":"post","link":"https:\/\/franciscanas.org\/portal\/brasil\/evangelho-do-domingo\/5o-domingo-do-tempo-comum-2\/","title":{"rendered":"5\u00ba Domingo do Tempo Comum"},"content":{"rendered":"\n<p class=\"has-vivid-red-color has-text-color has-link-color wp-elements-244d8e1b291996dd1d04d7d59f1ef314\"><strong>Evangelho de Jesus Cristo segundo Lucas<\/strong>  (Lc 5,1-11)<\/p>\n\n\n\n<p>Naquele tempo,<br>1 Jesus estava na margem do lago de Genesar\u00e9, e a multid\u00e3o apertava-se ao seu redor para ouvir a palavra de Deus.<br>2 Jesus viu duas barcas paradas na margem do lago. Os pescadores haviam desembarcado e lavavam as redes.<br>3 Subindo numa das barcas, que era de Sim\u00e3o, pediu que se afastasse um pouco da margem. Depois sentou-se e, da barca, ensinava as multid\u00f5es.<br>4 Quando acabou de falar, disse a Sim\u00e3o: &#8220;Avan\u00e7a para \u00e1guas mais profundas, e lan\u00e7ai vossas redes para a pesca&#8221;.<br>5 Sim\u00e3o respondeu: &#8220;Mestre, n\u00f3s trabalhamos a noite inteira e nada pescamos. Mas, em aten\u00e7\u00e3o \u00e0 tua palavra, vou lan\u00e7ar as redes&#8221;.<br>6 Assim fizeram, e apanharam tamanha quantidade de peixes que as redes se rompiam.<br>7 Ent\u00e3o fizeram sinal aos companheiros da outra barca, para que viessem ajud\u00e1-los. Eles vieram, e encheram as duas barcas, a ponto de quase afundarem.<br>8 Ao ver aquilo, Sim\u00e3o Pedro atirou-se aos p\u00e9s de Jesus, dizendo: &#8220;Senhor, afasta-te de mim, porque sou um pecador!&#8221;<br>9 \u00c9 que o espanto se apoderara de Sim\u00e3o e de todos os seus companheiros, por causa da pesca que acabavam de fazer.<br>10 Tiago e Jo\u00e3o, filhos de Zebedeu, que eram s\u00f3cios de Sim\u00e3o, tamb\u00e9m ficaram espantados. Jesus, por\u00e9m, disse a Sim\u00e3o: &#8220;N\u00e3o tenhas medo! De hoje em diante tu ser\u00e1s pescador de homens&#8221;.<br>11 Ent\u00e3o levaram as barcas para a margem, deixaram tudo e seguiram a Jesus.<\/p>\n\n\n\n<p class=\"has-vivid-red-color has-text-color has-link-color wp-elements-d7821cd23b6e603737dc84538be896be\">Palavra da Salva\u00e7\u00e3o<\/p>\n","protected":false},"excerpt":{"rendered":"<p>Avan\u00e7a para \u00e1guas mais profundas, e lan\u00e7ai vossas redes&#8230;  (Lc 5, 4) <\/p>\n","protected":false},"author":1,"featured_media":4912,"comment_status":"closed","ping_status":"closed","sticky":false,"template":"","format":"standard","meta":{"_et_pb_use_builder":"off","_et_pb_old_content":"","_et_gb_content_width":"1200","footnotes":""},"categories":[106],"tags":[],"class_list":["post-4890","post","type-post","status-publish","format-standard","has-post-thumbnail","hentry","category-evangelho-do-domingo"],"_links":{"self":[{"href":"https:\/\/franciscanas.org\/portal\/brasil\/wp-json\/wp\/v2\/posts\/4890","targetHints":{"allow":["GET"]}}],"collection":[{"href":"https:\/\/franciscanas.org\/portal\/brasil\/wp-json\/wp\/v2\/posts"}],"about":[{"href":"https:\/\/franciscanas.org\/portal\/brasil\/wp-json\/wp\/v2\/types\/post"}],"author":[{"embeddable":true,"href":"https:\/\/franciscanas.org\/portal\/brasil\/wp-json\/wp\/v2\/users\/1"}],"replies":[{"embeddable":true,"href":"https:\/\/franciscanas.org\/portal\/brasil\/wp-json\/wp\/v2\/comments?post=4890"}],"version-history":[{"count":1,"href":"https:\/\/franciscanas.org\/portal\/brasil\/wp-json\/wp\/v2\/posts\/4890\/revisions"}],"predecessor-version":[{"id":4891,"href":"https:\/\/franciscanas.org\/portal\/brasil\/wp-json\/wp\/v2\/posts\/4890\/revisions\/4891"}],"wp:featuredmedia":[{"embeddable":true,"href":"https:\/\/franciscanas.org\/portal\/brasil\/wp-json\/wp\/v2\/media\/4912"}],"wp:attachment":[{"href":"https:\/\/franciscanas.org\/portal\/brasil\/wp-json\/wp\/v2\/media?parent=4890"}],"wp:term":[{"taxonomy":"category","embeddable":true,"href":"https:\/\/franciscanas.org\/portal\/brasil\/wp-json\/wp\/v2\/categories?post=4890"},{"taxonomy":"post_tag","embeddable":true,"href":"https:\/\/franciscanas.org\/portal\/brasil\/wp-json\/wp\/v2\/tags?post=4890"}],"curies":[{"name":"wp","href":"https:\/\/api.w.org\/{rel}","templated":true}]}}