{"id":4887,"date":"2025-01-31T20:30:00","date_gmt":"2025-01-31T23:30:00","guid":{"rendered":"https:\/\/franciscanas.org\/portal\/brasil\/?p=4887"},"modified":"2025-02-01T09:47:22","modified_gmt":"2025-02-01T12:47:22","slug":"4o-domingo-do-tempo-comum-2","status":"publish","type":"post","link":"https:\/\/franciscanas.org\/portal\/brasil\/evangelho-do-domingo\/4o-domingo-do-tempo-comum-2\/","title":{"rendered":"4\u00ba Domingo do Tempo Comum"},"content":{"rendered":"\n<p class=\"has-vivid-red-color has-text-color has-link-color wp-elements-7ccc35bbe017b10ead958813d8a898c7\"><strong>Evangelho de Jesus Cristo segundo Lucas<\/strong> (Lc 2,22-40)<\/p>\n\n\n\n<p>22 Quando se completaram os dias para a purifica\u00e7\u00e3o da m\u00e3e e do filho, conforme a Lei de Mois\u00e9s, Maria e Jos\u00e9 levaram Jesus a Jerusal\u00e9m, a fim de apresent\u00e1-lo ao Senhor.<br>23 Conforme est\u00e1 escrito na Lei do Senhor: &#8220;Todo primog\u00eanito do sexo masculino deve ser consagrado ao Senhor.&#8221;<br>24 Foram tamb\u00e9m oferecer o sacrif\u00edcio &#8211; um par de rolas ou dois pombinhos &#8211; como est\u00e1 ordenado na Lei do Senhor.<br>25 Em Jerusal\u00e9m, havia um homem chamado Sime\u00e3o, o qual era justo e piedoso, e esperava a consola\u00e7\u00e3o do povo de Israel. O Esp\u00edrito Santo estava com ele<br>26 e lhe havia anunciado que n\u00e3o morreria antes de ver o Messias que vem do Senhor.<br>27 Movido pelo Esp\u00edrito, Sime\u00e3o veio ao Templo. Quando os pais trouxeram o menino Jesus para cumprir o que a Lei ordenava,<br>28 Sime\u00e3o tomou o menino nos bra\u00e7os e bendisse a Deus:<br>29 &#8220;Agora, Senhor, conforme a tua promessa, podes deixar teu servo partir em paz;<br>30 porque meus olhos viram a tua salva\u00e7\u00e3o,<br>31 que preparaste diante de todos os povos:<br>32 luz para iluminar as na\u00e7\u00f5es e gl\u00f3ria do teu povo Israel&#8221;.<br>33 O pai e a m\u00e3e de Jesus estavam admirados com o que diziam a respeito dele.<br>34 Sime\u00e3o os aben\u00e7oou e disse a Maria, a m\u00e3e de Jesus: &#8220;Este menino vai ser causa tanto de queda como de reerguimento para muitos em Israel. Ele ser\u00e1 um sinal de contradi\u00e7\u00e3o.<br>35 Assim ser\u00e3o revelados os pensamentos de muitos cora\u00e7\u00f5es. Quanto a ti, uma espada te traspassar\u00e1 a alma&#8221;.<br>36 Havia tamb\u00e9m uma profetisa, chamada Ana, filha de Fanuel, da tribo de Aser. Era de idade muito avan\u00e7ada; quando jovem, tinha sido casada e vivera sete anos com o marido.<br>37 Depois ficara viu\u0301va, e agora ja\u0301 estava com oitenta e quatro anos. Na\u0303o sai\u0301a do Templo, dia e noite servindo a Deus com jejuns e orac\u0327o\u0303es.<br>38 Ana chegou nesse momento e po\u0302s-se a louvar a Deus e a falar do menino a todos os que esperavam a liberta\u00e7\u00e3o de Jerusale\u0301m.<br>39 Depois de cumprirem tudo, conforme a Lei do Senhor, voltaram a\u0300 Galileia, para Nazare\u0301, sua cidade.<br>40 O menino crescia e tornava-se forte, cheio de sabedoria; e a gra\u00e7a de Deus estava com ele.<\/p>\n\n\n\n<p class=\"has-vivid-red-color has-text-color has-link-color wp-elements-3cc7a6e539ad9197ded83c6af347ecff\">Palavra da Salva\u00e7\u00e3o.<\/p>\n","protected":false},"excerpt":{"rendered":"<p>Evangelho de Jesus Cristo segundo Lucas (Lc 2,22-40) 22 Quando se completaram os dias para a purifica\u00e7\u00e3o da m\u00e3e e do filho, conforme a Lei de Mois\u00e9s, Maria e Jos\u00e9 levaram Jesus a Jerusal\u00e9m, a fim de apresent\u00e1-lo ao Senhor.23 Conforme est\u00e1 escrito na Lei do Senhor: &#8220;Todo primog\u00eanito do sexo masculino deve ser consagrado [&hellip;]<\/p>\n","protected":false},"author":1,"featured_media":4888,"comment_status":"closed","ping_status":"closed","sticky":false,"template":"","format":"standard","meta":{"_et_pb_use_builder":"off","_et_pb_old_content":"","_et_gb_content_width":"1200","footnotes":""},"categories":[106],"tags":[],"class_list":["post-4887","post","type-post","status-publish","format-standard","has-post-thumbnail","hentry","category-evangelho-do-domingo"],"_links":{"self":[{"href":"https:\/\/franciscanas.org\/portal\/brasil\/wp-json\/wp\/v2\/posts\/4887","targetHints":{"allow":["GET"]}}],"collection":[{"href":"https:\/\/franciscanas.org\/portal\/brasil\/wp-json\/wp\/v2\/posts"}],"about":[{"href":"https:\/\/franciscanas.org\/portal\/brasil\/wp-json\/wp\/v2\/types\/post"}],"author":[{"embeddable":true,"href":"https:\/\/franciscanas.org\/portal\/brasil\/wp-json\/wp\/v2\/users\/1"}],"replies":[{"embeddable":true,"href":"https:\/\/franciscanas.org\/portal\/brasil\/wp-json\/wp\/v2\/comments?post=4887"}],"version-history":[{"count":2,"href":"https:\/\/franciscanas.org\/portal\/brasil\/wp-json\/wp\/v2\/posts\/4887\/revisions"}],"predecessor-version":[{"id":4896,"href":"https:\/\/franciscanas.org\/portal\/brasil\/wp-json\/wp\/v2\/posts\/4887\/revisions\/4896"}],"wp:featuredmedia":[{"embeddable":true,"href":"https:\/\/franciscanas.org\/portal\/brasil\/wp-json\/wp\/v2\/media\/4888"}],"wp:attachment":[{"href":"https:\/\/franciscanas.org\/portal\/brasil\/wp-json\/wp\/v2\/media?parent=4887"}],"wp:term":[{"taxonomy":"category","embeddable":true,"href":"https:\/\/franciscanas.org\/portal\/brasil\/wp-json\/wp\/v2\/categories?post=4887"},{"taxonomy":"post_tag","embeddable":true,"href":"https:\/\/franciscanas.org\/portal\/brasil\/wp-json\/wp\/v2\/tags?post=4887"}],"curies":[{"name":"wp","href":"https:\/\/api.w.org\/{rel}","templated":true}]}}