{"id":4765,"date":"2025-01-24T20:30:00","date_gmt":"2025-01-24T23:30:00","guid":{"rendered":"https:\/\/franciscanas.org\/portal\/brasil\/?p=4765"},"modified":"2025-01-12T17:07:42","modified_gmt":"2025-01-12T20:07:42","slug":"3o-domingo-do-tempo-comum-2","status":"publish","type":"post","link":"https:\/\/franciscanas.org\/portal\/brasil\/evangelho-do-domingo\/3o-domingo-do-tempo-comum-2\/","title":{"rendered":"3\u00ba Domingo do Tempo Comum"},"content":{"rendered":"\n<p class=\"has-vivid-red-color has-text-color has-link-color wp-elements-e21efd6a290cc228a3bf09e3c4c454d2\"><strong>Evangelho de Jesus Cristo segundo Lucas<\/strong> (Lc 1,1-4;4,14-21)<\/p>\n\n\n\n<p>1 Muitas pessoas j\u00e1 tentaram escrever a hist\u00f3ria dos acontecimentos que se realizaram entre n\u00f3s,<br>2 como nos foram transmitidos por aqueles que, desde o princ\u00edpio, foram testemunhas oculares e ministros da palavra.<br>3 Assim sendo, ap\u00f3s fazer um estudo cuidadoso de tudo o que aconteceu desde o princ\u00edpio, tamb\u00e9m eu decidi escrever de modo ordenado para ti, excelent\u00edssimo Te\u00f3filo.<br>4 Deste modo, poder\u00e1s verificar a solidez dos ensinamentos que recebeste.<br>Naquele tempo,<br>4,14 Jesus voltou para a Galileia, com a for\u00e7a do Esp\u00edrito, e sua fama espalhou-se por toda a redondeza.<br>15 Ele ensinava nas suas sinagogas e todos o elogiavam.<br>16 E veio \u00e0 cidade de Nazar\u00e9, onde se tinha criado. Conforme seu costume, entrou na sinagoga no s\u00e1bado, e levantou-se para fazer a leitura.<br>17 Deram-lhe o livro do profeta Isa\u00edas. Abrindo o livro, Jesus achou a passagem em que est\u00e1 escrito:<br>18 &#8220;O Esp\u00edrito do Senhor est\u00e1 sobre mim, porque ele me consagrou com a un\u00e7\u00e3o para anunciar a Boa-Nova aos pobres; enviou-me para proclamar a liberta\u00e7\u00e3o aos cativos<br>e aos cegos a recupera\u00e7\u00e3o da vista; para libertar os oprimidos<br>19 e para proclamar um ano da gra\u00e7a do Senhor&#8221;.<br>20 Depois fechou o livro, entregou-o ao ajudante, e sentou-se. Todos os que estavam na sinagoga tinham os olhos fixos nele.<br>21 Ent\u00e3o come\u00e7ou a dizer-lhes: &#8220;Hoje se cumpriu esta passagem da Escritura que acabastes de ouvir&#8221;.<\/p>\n\n\n\n<p class=\"has-vivid-red-color has-text-color has-link-color wp-elements-3cc7a6e539ad9197ded83c6af347ecff\">Palavra da Salva\u00e7\u00e3o.<\/p>\n","protected":false},"excerpt":{"rendered":"<p>&#8220;O Esp\u00edrito do Senhor est\u00e1 sobre mim, porque ele me consagrou com a un\u00e7\u00e3o para anunciar a Boa-Nova&#8230;\u201d<br \/>\n(Lc 4, 18)<\/p>\n","protected":false},"author":1,"featured_media":4851,"comment_status":"closed","ping_status":"closed","sticky":false,"template":"","format":"standard","meta":{"_et_pb_use_builder":"off","_et_pb_old_content":"","_et_gb_content_width":"1200","footnotes":""},"categories":[106],"tags":[],"class_list":["post-4765","post","type-post","status-publish","format-standard","has-post-thumbnail","hentry","category-evangelho-do-domingo"],"_links":{"self":[{"href":"https:\/\/franciscanas.org\/portal\/brasil\/wp-json\/wp\/v2\/posts\/4765","targetHints":{"allow":["GET"]}}],"collection":[{"href":"https:\/\/franciscanas.org\/portal\/brasil\/wp-json\/wp\/v2\/posts"}],"about":[{"href":"https:\/\/franciscanas.org\/portal\/brasil\/wp-json\/wp\/v2\/types\/post"}],"author":[{"embeddable":true,"href":"https:\/\/franciscanas.org\/portal\/brasil\/wp-json\/wp\/v2\/users\/1"}],"replies":[{"embeddable":true,"href":"https:\/\/franciscanas.org\/portal\/brasil\/wp-json\/wp\/v2\/comments?post=4765"}],"version-history":[{"count":1,"href":"https:\/\/franciscanas.org\/portal\/brasil\/wp-json\/wp\/v2\/posts\/4765\/revisions"}],"predecessor-version":[{"id":4766,"href":"https:\/\/franciscanas.org\/portal\/brasil\/wp-json\/wp\/v2\/posts\/4765\/revisions\/4766"}],"wp:featuredmedia":[{"embeddable":true,"href":"https:\/\/franciscanas.org\/portal\/brasil\/wp-json\/wp\/v2\/media\/4851"}],"wp:attachment":[{"href":"https:\/\/franciscanas.org\/portal\/brasil\/wp-json\/wp\/v2\/media?parent=4765"}],"wp:term":[{"taxonomy":"category","embeddable":true,"href":"https:\/\/franciscanas.org\/portal\/brasil\/wp-json\/wp\/v2\/categories?post=4765"},{"taxonomy":"post_tag","embeddable":true,"href":"https:\/\/franciscanas.org\/portal\/brasil\/wp-json\/wp\/v2\/tags?post=4765"}],"curies":[{"name":"wp","href":"https:\/\/api.w.org\/{rel}","templated":true}]}}