{"id":4763,"date":"2025-01-17T20:30:00","date_gmt":"2025-01-17T23:30:00","guid":{"rendered":"https:\/\/franciscanas.org\/portal\/brasil\/?p=4763"},"modified":"2025-01-12T11:03:48","modified_gmt":"2025-01-12T14:03:48","slug":"2o-domingo-do-tempo-comum-2","status":"publish","type":"post","link":"https:\/\/franciscanas.org\/portal\/brasil\/evangelho-do-domingo\/2o-domingo-do-tempo-comum-2\/","title":{"rendered":"2\u00ba Domingo do Tempo Comum"},"content":{"rendered":"\n<p class=\"has-vivid-red-color has-text-color has-link-color wp-elements-acf37ff64e74bff422fa2bc1acbc7504\"><strong>Evangelho de Jesus Cristo segundo Jo\u00e3o<\/strong> (Jo 2,1-11)<\/p>\n\n\n\n<p>Naquele tempo,<br>1 houve um casamento em Can\u00e1 da Galileia. A m\u00e3e de Jesus estava presente.<br>2 Tamb\u00e9m Jesus e seus disc\u00edpulos tinham sido convidados para o casamento.<br>3 Como o vinho veio a faltar, a m\u00e3e de Jesus lhe disse: &#8220;Eles n\u00e3o t\u00eam mais vinho&#8221;.<br>4 Jesus respondeu-lhe: &#8220;Mulher, por que dizes isto a mim? Minha hora ainda n\u00e3o chegou&#8221;.<br>5 Sua m\u00e3e disse aos que estavam servindo: &#8220;Fazei o que ele vos disser&#8221;.<br>6 Estavam seis talhas de pedra colocadas a\u00ed para a purifica\u00e7\u00e3o que os judeus costumam fazer. Em cada uma delas cabiam mais ou menos cem litros.<br>7 Jesus disse aos que estavam servindo: &#8220;Enchei as talhas de \u00e1gua&#8221;. Encheram-nas at\u00e9 a boca.<br>8 Jesus disse: &#8220;Agora tirai e levai ao mestre-sala&#8221;. E eles levaram.<br>9 O mestre-sala experimentou a \u00e1gua, que se tinha transformado em vinho. Ele n\u00e3o sabia de onde vinha, mas os que estavam servindo sabiam, pois eram eles que tinham tirado a \u00e1gua.<br>10 O mestre-sala chamou ent\u00e3o o noivo e lhe disse: &#8220;Todo mundo serve primeiro o vinho melhor e, quando os convidados j\u00e1 est\u00e3o embriagados, serve o vinho menos bom. Mas tu guardaste o vinho melhor at\u00e9 agora!&#8221;<br>11 Este foi o in\u00edcio dos sinais de Jesus. Ele o realizou em Can\u00e1 da Galileia e manifestou a sua gl\u00f3ria, e seus disc\u00edpulos creram nele.<\/p>\n\n\n\n<p class=\"has-vivid-red-color has-text-color has-link-color wp-elements-3cc7a6e539ad9197ded83c6af347ecff\">Palavra da Salva\u00e7\u00e3o.<\/p>\n","protected":false},"excerpt":{"rendered":"<p>&#8220;Eles n\u00e3o t\u00eam mais vinho&#8221; (Jo 2, 3)<\/p>\n","protected":false},"author":1,"featured_media":4850,"comment_status":"closed","ping_status":"closed","sticky":false,"template":"","format":"standard","meta":{"_et_pb_use_builder":"off","_et_pb_old_content":"","_et_gb_content_width":"1200","footnotes":""},"categories":[106],"tags":[],"class_list":["post-4763","post","type-post","status-publish","format-standard","has-post-thumbnail","hentry","category-evangelho-do-domingo"],"_links":{"self":[{"href":"https:\/\/franciscanas.org\/portal\/brasil\/wp-json\/wp\/v2\/posts\/4763","targetHints":{"allow":["GET"]}}],"collection":[{"href":"https:\/\/franciscanas.org\/portal\/brasil\/wp-json\/wp\/v2\/posts"}],"about":[{"href":"https:\/\/franciscanas.org\/portal\/brasil\/wp-json\/wp\/v2\/types\/post"}],"author":[{"embeddable":true,"href":"https:\/\/franciscanas.org\/portal\/brasil\/wp-json\/wp\/v2\/users\/1"}],"replies":[{"embeddable":true,"href":"https:\/\/franciscanas.org\/portal\/brasil\/wp-json\/wp\/v2\/comments?post=4763"}],"version-history":[{"count":1,"href":"https:\/\/franciscanas.org\/portal\/brasil\/wp-json\/wp\/v2\/posts\/4763\/revisions"}],"predecessor-version":[{"id":4764,"href":"https:\/\/franciscanas.org\/portal\/brasil\/wp-json\/wp\/v2\/posts\/4763\/revisions\/4764"}],"wp:featuredmedia":[{"embeddable":true,"href":"https:\/\/franciscanas.org\/portal\/brasil\/wp-json\/wp\/v2\/media\/4850"}],"wp:attachment":[{"href":"https:\/\/franciscanas.org\/portal\/brasil\/wp-json\/wp\/v2\/media?parent=4763"}],"wp:term":[{"taxonomy":"category","embeddable":true,"href":"https:\/\/franciscanas.org\/portal\/brasil\/wp-json\/wp\/v2\/categories?post=4763"},{"taxonomy":"post_tag","embeddable":true,"href":"https:\/\/franciscanas.org\/portal\/brasil\/wp-json\/wp\/v2\/tags?post=4763"}],"curies":[{"name":"wp","href":"https:\/\/api.w.org\/{rel}","templated":true}]}}