{"id":4759,"date":"2025-01-10T20:30:00","date_gmt":"2025-01-10T23:30:00","guid":{"rendered":"https:\/\/franciscanas.org\/portal\/brasil\/?p=4759"},"modified":"2025-01-12T10:32:16","modified_gmt":"2025-01-12T13:32:16","slug":"festa-do-batismo-do-senhor","status":"publish","type":"post","link":"https:\/\/franciscanas.org\/portal\/brasil\/evangelho-do-domingo\/festa-do-batismo-do-senhor\/","title":{"rendered":"Festa do Batismo do Senhor"},"content":{"rendered":"\n<p class=\"has-vivid-red-color has-text-color has-link-color wp-elements-0ea00b41d735e62b27dc8a395c950b7e\"><strong>Evangelho de Jesus Cristo segundo Lucas <\/strong>(Lc 3,15-16.21-22)<\/p>\n\n\n\n<p>Naquele tempo,<br>15 o povo estava na expectativa e todos se perguntavam no seu \u00edntimo se Jo\u00e3o n\u00e3o seria o Messias.<br>16 Por isso, Jo\u00e3o declarou a todos: &#8220;Eu vos batizo com \u00e1gua, mas vir\u00e1 aquele que \u00e9 mais forte do que eu. Eu n\u00e3o sou digno de desamarrar a correia de suas sand\u00e1lias. Ele vos batizar\u00e1 no Esp\u00edrito Santo e no fogo&#8221;.<br>21 Quando todo o povo estava sendo batizado, Jesus tamb\u00e9m recebeu o batismo. E, enquanto rezava, o c\u00e9u se abriu<br>22 e o Esp\u00edrito Santo desceu sobre Jesus em forma vis\u00edvel, como pomba. E do c\u00e9u veio uma voz: &#8220;Tu \u00e9s o meu Filho amado, em ti ponho o meu bem-querer&#8221;.<\/p>\n\n\n\n<p class=\"has-vivid-red-color has-text-color has-link-color wp-elements-3cc7a6e539ad9197ded83c6af347ecff\">Palavra da Salva\u00e7\u00e3o.<\/p>\n","protected":false},"excerpt":{"rendered":"<p>Eu vos batizo com \u00e1gua, mas vir\u00e1 aquele&#8230; vos batizar\u00e1 no Esp\u00edrito Santo e no fogo&#8221;<br \/>\n(Lc 3,16)<\/p>\n","protected":false},"author":1,"featured_media":4849,"comment_status":"closed","ping_status":"closed","sticky":false,"template":"","format":"standard","meta":{"_et_pb_use_builder":"off","_et_pb_old_content":"","_et_gb_content_width":"1200","footnotes":""},"categories":[106],"tags":[],"class_list":["post-4759","post","type-post","status-publish","format-standard","has-post-thumbnail","hentry","category-evangelho-do-domingo"],"_links":{"self":[{"href":"https:\/\/franciscanas.org\/portal\/brasil\/wp-json\/wp\/v2\/posts\/4759","targetHints":{"allow":["GET"]}}],"collection":[{"href":"https:\/\/franciscanas.org\/portal\/brasil\/wp-json\/wp\/v2\/posts"}],"about":[{"href":"https:\/\/franciscanas.org\/portal\/brasil\/wp-json\/wp\/v2\/types\/post"}],"author":[{"embeddable":true,"href":"https:\/\/franciscanas.org\/portal\/brasil\/wp-json\/wp\/v2\/users\/1"}],"replies":[{"embeddable":true,"href":"https:\/\/franciscanas.org\/portal\/brasil\/wp-json\/wp\/v2\/comments?post=4759"}],"version-history":[{"count":2,"href":"https:\/\/franciscanas.org\/portal\/brasil\/wp-json\/wp\/v2\/posts\/4759\/revisions"}],"predecessor-version":[{"id":4762,"href":"https:\/\/franciscanas.org\/portal\/brasil\/wp-json\/wp\/v2\/posts\/4759\/revisions\/4762"}],"wp:featuredmedia":[{"embeddable":true,"href":"https:\/\/franciscanas.org\/portal\/brasil\/wp-json\/wp\/v2\/media\/4849"}],"wp:attachment":[{"href":"https:\/\/franciscanas.org\/portal\/brasil\/wp-json\/wp\/v2\/media?parent=4759"}],"wp:term":[{"taxonomy":"category","embeddable":true,"href":"https:\/\/franciscanas.org\/portal\/brasil\/wp-json\/wp\/v2\/categories?post=4759"},{"taxonomy":"post_tag","embeddable":true,"href":"https:\/\/franciscanas.org\/portal\/brasil\/wp-json\/wp\/v2\/tags?post=4759"}],"curies":[{"name":"wp","href":"https:\/\/api.w.org\/{rel}","templated":true}]}}