{"id":4754,"date":"2024-12-27T16:13:31","date_gmt":"2024-12-27T19:13:31","guid":{"rendered":"https:\/\/franciscanas.org\/portal\/brasil\/?p=4754"},"modified":"2024-12-28T16:21:08","modified_gmt":"2024-12-28T19:21:08","slug":"festa-da-sagrada-familia-2","status":"publish","type":"post","link":"https:\/\/franciscanas.org\/portal\/brasil\/evangelho-do-domingo\/festa-da-sagrada-familia-2\/","title":{"rendered":"Festa da Sagrada Fam\u00edlia"},"content":{"rendered":"\n<p class=\"has-vivid-red-color has-text-color has-link-color wp-elements-3f5b78db6fa4e4d82b073a9a97812867\"><strong>Evangelho de Jesus Cristo Segundo Lucas<\/strong> (Lc 2, 41-52)<\/p>\n\n\n\n<p>Naqueles dias,<br>41 Os pais de Jesus iam todos os anos a Jerusal\u00e9m,<br>para a festa da P\u00e1scoa.<br>42 Quando ele completou doze anos, subiram para a festa, como de costume.<br>43 Passados os dias da P\u00e1scoa, come\u00e7aram a viagem de volta, mas o menino Jesus ficou em Jerusal\u00e9m, sem que seus pais o notassem.<br>44 Pensando que ele estivesse na caravana, caminharam um dia inteiro. Depois come\u00e7aram a procur\u00e1-lo entre os parentes e conhecidos.<br>45 N\u00e3o o tendo encontrado, voltaram para Jerusal\u00e9m \u00e0 sua procura.<br>46 Tr\u00eas dias depois, o encontraram no Templo. Estava sentado no meio dos mestres, escutando e fazendo perguntas.<br>47 Todos os que ouviam o menino estavam maravilhados<br>com sua intelig\u00eancia e suas respostas.<br>48 Ao v\u00ea-lo, seus pais ficaram muito admirados e sua m\u00e3e lhe disse: &#8220;Meu filho, por que agiste assim conosco? Olha que teu pai e eu est\u00e1vamos, angustiados,<br>\u00e0 tua procura.&#8221;<br>49 Jesus respondeu: &#8220;Por que me procur\u00e1veis?<br>N\u00e3o sabeis que devo estar na casa de meu Pai?&#8221;<br>50 Eles, por\u00e9m, n\u00e3o compreenderam<br>as palavras que lhes dissera.<br>51 Jesus desceu ent\u00e3o com seus pais para Nazar\u00e9,<br>e era-lhes obediente. Sua m\u00e3e, por\u00e9m, conservava no cora\u00e7\u00e3o todas estas coisas.<br>52 E Jesus crescia em sabedoria, estatura e gra\u00e7a, diante de Deus e diante dos homens.<\/p>\n\n\n\n<p class=\"has-vivid-red-color has-text-color has-link-color wp-elements-3cc7a6e539ad9197ded83c6af347ecff\">Palavra da Salva\u00e7\u00e3o.<\/p>\n","protected":false},"excerpt":{"rendered":"<p>\u201cTodos os que ouviam o menino estavam maravilhados com sua intelig\u00eancia e suas respostas.\u201d (Lc 2, 47).<\/p>\n","protected":false},"author":1,"featured_media":4797,"comment_status":"closed","ping_status":"closed","sticky":false,"template":"","format":"standard","meta":{"_et_pb_use_builder":"off","_et_pb_old_content":"","_et_gb_content_width":"1200","footnotes":""},"categories":[106],"tags":[],"class_list":["post-4754","post","type-post","status-publish","format-standard","has-post-thumbnail","hentry","category-evangelho-do-domingo"],"_links":{"self":[{"href":"https:\/\/franciscanas.org\/portal\/brasil\/wp-json\/wp\/v2\/posts\/4754","targetHints":{"allow":["GET"]}}],"collection":[{"href":"https:\/\/franciscanas.org\/portal\/brasil\/wp-json\/wp\/v2\/posts"}],"about":[{"href":"https:\/\/franciscanas.org\/portal\/brasil\/wp-json\/wp\/v2\/types\/post"}],"author":[{"embeddable":true,"href":"https:\/\/franciscanas.org\/portal\/brasil\/wp-json\/wp\/v2\/users\/1"}],"replies":[{"embeddable":true,"href":"https:\/\/franciscanas.org\/portal\/brasil\/wp-json\/wp\/v2\/comments?post=4754"}],"version-history":[{"count":3,"href":"https:\/\/franciscanas.org\/portal\/brasil\/wp-json\/wp\/v2\/posts\/4754\/revisions"}],"predecessor-version":[{"id":4757,"href":"https:\/\/franciscanas.org\/portal\/brasil\/wp-json\/wp\/v2\/posts\/4754\/revisions\/4757"}],"wp:featuredmedia":[{"embeddable":true,"href":"https:\/\/franciscanas.org\/portal\/brasil\/wp-json\/wp\/v2\/media\/4797"}],"wp:attachment":[{"href":"https:\/\/franciscanas.org\/portal\/brasil\/wp-json\/wp\/v2\/media?parent=4754"}],"wp:term":[{"taxonomy":"category","embeddable":true,"href":"https:\/\/franciscanas.org\/portal\/brasil\/wp-json\/wp\/v2\/categories?post=4754"},{"taxonomy":"post_tag","embeddable":true,"href":"https:\/\/franciscanas.org\/portal\/brasil\/wp-json\/wp\/v2\/tags?post=4754"}],"curies":[{"name":"wp","href":"https:\/\/api.w.org\/{rel}","templated":true}]}}