{"id":4746,"date":"2025-01-03T20:30:00","date_gmt":"2025-01-03T23:30:00","guid":{"rendered":"https:\/\/franciscanas.org\/portal\/brasil\/?p=4746"},"modified":"2025-01-04T22:04:29","modified_gmt":"2025-01-05T01:04:29","slug":"solenidade-da-epifania-do-senhor","status":"publish","type":"post","link":"https:\/\/franciscanas.org\/portal\/brasil\/evangelho-do-domingo\/solenidade-da-epifania-do-senhor\/","title":{"rendered":"Solenidade da Epifania do Senhor"},"content":{"rendered":"\n<p class=\"has-vivid-red-color has-text-color has-link-color wp-elements-a4132c1f7299a7eac338b01a6e10bb08\"><strong>Evangelho de Jesus Cristo segundo Mateus<\/strong> (2,1-12)<\/p>\n\n\n\n<p>1 Tendo nascido Jesus na cidade de Bel\u00e9m, na Judeia, no tempo do rei Herodes, eis que alguns magos do Oriente chegaram a Jerusal\u00e9m,<br>2 perguntando: &#8220;Onde est\u00e1 o rei dos judeus, que acaba de nascer? N\u00f3s vimos a sua estrela no Oriente e viemos ador\u00e1-lo&#8221;.<br>3 Ao saber disso, o rei Herodes ficou perturbado, assim como toda a cidade de Jerusal\u00e9m.<br>4 Reunindo todos os sumos sacerdotes e os mestres da Lei, perguntava-lhes onde o Messias deveria nascer.<br>5 Eles responderam: &#8220;Em Bel\u00e9m, na Judeia, pois assim foi escrito pelo profeta:<br>6 E tu, Bel\u00e9m, terra de Jud\u00e1, de modo algum \u00e9s a menor entre as principais cidades de Jud\u00e1, porque de ti sair\u00e1 um chefe que vai ser o pastor de Israel, o meu povo&#8221;.<br>7 Ent\u00e3o Herodes chamou em segredo os magos e procurou saber deles cuidadosamente quando a estrela tinha aparecido.<br>8 Depois os enviou a Bel\u00e9m, dizendo: &#8220;Ide e procurai obter informa\u00e7\u00f5es exatas sobre o menino. E, quando o encontrardes, avisai-me, para que tamb\u00e9m eu v\u00e1 ador\u00e1-lo&#8221;.<br>9 Depois que ouviram o rei, eles partiram. E a estrela, que tinham visto no Oriente, ia adiante deles, at\u00e9 parar sobre o lugar onde estava o menino.<br>10 Ao verem de novo a estrela, os magos sentiram uma alegria muito grande.<br>11 Quando entraram na casa, viram o menino com Maria, sua m\u00e3e. Ajoelharam-se diante dele, e o adoraram. Depois abriram seus cofres e lhe ofereceram presentes: ouro, incenso e mirra.<br>12 Avisados em sonho para n\u00e3o voltarem a Herodes, retornaram para a sua terra, seguindo outro caminho.<\/p>\n\n\n\n<p class=\"has-vivid-red-color has-text-color has-link-color wp-elements-3cc7a6e539ad9197ded83c6af347ecff\">Palavra da Salva\u00e7\u00e3o.<\/p>\n\n\n\n<p><\/p>\n","protected":false},"excerpt":{"rendered":"<p>\u201cBel\u00e9m&#8230; de ti sair\u00e1 um chefe que vai ser o pastor de Israel, o meu povo\u201d (Mt 2, 6).<\/p>\n","protected":false},"author":1,"featured_media":4847,"comment_status":"closed","ping_status":"closed","sticky":false,"template":"","format":"standard","meta":{"_et_pb_use_builder":"off","_et_pb_old_content":"","_et_gb_content_width":"1200","footnotes":""},"categories":[106],"tags":[],"class_list":["post-4746","post","type-post","status-publish","format-standard","has-post-thumbnail","hentry","category-evangelho-do-domingo"],"_links":{"self":[{"href":"https:\/\/franciscanas.org\/portal\/brasil\/wp-json\/wp\/v2\/posts\/4746","targetHints":{"allow":["GET"]}}],"collection":[{"href":"https:\/\/franciscanas.org\/portal\/brasil\/wp-json\/wp\/v2\/posts"}],"about":[{"href":"https:\/\/franciscanas.org\/portal\/brasil\/wp-json\/wp\/v2\/types\/post"}],"author":[{"embeddable":true,"href":"https:\/\/franciscanas.org\/portal\/brasil\/wp-json\/wp\/v2\/users\/1"}],"replies":[{"embeddable":true,"href":"https:\/\/franciscanas.org\/portal\/brasil\/wp-json\/wp\/v2\/comments?post=4746"}],"version-history":[{"count":3,"href":"https:\/\/franciscanas.org\/portal\/brasil\/wp-json\/wp\/v2\/posts\/4746\/revisions"}],"predecessor-version":[{"id":4758,"href":"https:\/\/franciscanas.org\/portal\/brasil\/wp-json\/wp\/v2\/posts\/4746\/revisions\/4758"}],"wp:featuredmedia":[{"embeddable":true,"href":"https:\/\/franciscanas.org\/portal\/brasil\/wp-json\/wp\/v2\/media\/4847"}],"wp:attachment":[{"href":"https:\/\/franciscanas.org\/portal\/brasil\/wp-json\/wp\/v2\/media?parent=4746"}],"wp:term":[{"taxonomy":"category","embeddable":true,"href":"https:\/\/franciscanas.org\/portal\/brasil\/wp-json\/wp\/v2\/categories?post=4746"},{"taxonomy":"post_tag","embeddable":true,"href":"https:\/\/franciscanas.org\/portal\/brasil\/wp-json\/wp\/v2\/tags?post=4746"}],"curies":[{"name":"wp","href":"https:\/\/api.w.org\/{rel}","templated":true}]}}