{"id":4718,"date":"2024-12-06T20:30:00","date_gmt":"2024-12-06T23:30:00","guid":{"rendered":"https:\/\/franciscanas.org\/portal\/brasil\/?p=4718"},"modified":"2024-11-13T15:42:52","modified_gmt":"2024-11-13T18:42:52","slug":"ii-domingo-do-advento","status":"publish","type":"post","link":"https:\/\/franciscanas.org\/portal\/brasil\/evangelho-do-domingo\/ii-domingo-do-advento\/","title":{"rendered":"2\u00ba Domingo do Advento"},"content":{"rendered":"\n<p class=\"has-vivid-red-color has-text-color has-link-color wp-elements-2395ad6d76935790988507157cac536c\"><strong>Evangelho de Jesus Cristo segundo Lucas<\/strong> (Lc 1, 26-38)<\/p>\n\n\n\n<p>Naquele tempo:<br>26 no sexto m\u00eas, o anjo Gabriel foi enviado por Deus a uma cidade da Galil\u00e9ia, chamada Nazar\u00e9,<br>27 a uma virgem, prometida em casamento a um homem chamado Jos\u00e9. Ele era descendente de Davi e o nome da virgem era Maria<br>28 O anjo entrou onde ela estava e disse: &#8216;Alegra-te, cheia de gra\u00e7a, o Senhor est\u00e1 contigo!&#8217;<br>29 Maria ficou perturbada com estas palavras e come\u00e7ou a pensar qual seria o significado da sauda\u00e7\u00e3o.<br>30 O anjo, ent\u00e3o, disse-lhe: &#8216;N\u00e3o tenhas medo, Maria, porque encontraste gra\u00e7a diante de Deus.<br>31 Eis que conceber\u00e1s e dar\u00e1s \u00e0 luz um filho, a quem por\u00e1s o nome de Jesus.<br>32 Ele ser\u00e1 grande, ser\u00e1 chamado Filho do Alt\u00edssimo, e o Senhor Deus lhe dar\u00e1 o trono de seu pai Davi.<br>33 Ele reinar\u00e1 para sempre sobre os descendentes de Jac\u00f3, e o seu reino n\u00e3o ter\u00e1 fim&#8217;.<br>34 Maria perguntou ao anjo: &#8216;Como acontecer\u00e1 isso, se eu n\u00e3o conhe\u00e7o homem algum?&#8217;<br>35 O anjo respondeu: &#8216;O Esp\u00edrito vir\u00e1 sobre ti, e o poder do Alt\u00edssimo te cobrir\u00e1 com sua sombra. Por isso, o menino que vai nascer ser\u00e1 chamado Santo, Filho de Deus.<br>36 Tamb\u00e9m Isabel, tua parenta, concebeu um filho na velhice. Este j\u00e1 \u00e9 o sexto m\u00eas daquela que era considerada est\u00e9ril,<br>37 porque para Deus nada \u00e9 imposs\u00edvel&#8217;.<br>38 Maria, ent\u00e3o, disse: &#8216;Eis aqui a serva do Senhor; fa\u00e7a-se em mim segundo a tua palavra!&#8217; E o anjo retirou-se.<\/p>\n\n\n\n<p class=\"has-vivid-red-color has-text-color has-link-color wp-elements-3cc7a6e539ad9197ded83c6af347ecff\">Palavra da Salva\u00e7\u00e3o.<\/p>\n\n\n\n<p><\/p>\n","protected":false},"excerpt":{"rendered":"<p>\u201cO Esp\u00edrito vir\u00e1 sobre ti, e o poder do Alt\u00edssimo te cobrir\u00e1 com sua sombra\u201d (Lc 1, 35).<\/p>\n","protected":false},"author":1,"featured_media":4719,"comment_status":"closed","ping_status":"closed","sticky":false,"template":"","format":"standard","meta":{"_et_pb_use_builder":"off","_et_pb_old_content":"","_et_gb_content_width":"1200","footnotes":""},"categories":[106],"tags":[],"class_list":["post-4718","post","type-post","status-publish","format-standard","has-post-thumbnail","hentry","category-evangelho-do-domingo"],"_links":{"self":[{"href":"https:\/\/franciscanas.org\/portal\/brasil\/wp-json\/wp\/v2\/posts\/4718","targetHints":{"allow":["GET"]}}],"collection":[{"href":"https:\/\/franciscanas.org\/portal\/brasil\/wp-json\/wp\/v2\/posts"}],"about":[{"href":"https:\/\/franciscanas.org\/portal\/brasil\/wp-json\/wp\/v2\/types\/post"}],"author":[{"embeddable":true,"href":"https:\/\/franciscanas.org\/portal\/brasil\/wp-json\/wp\/v2\/users\/1"}],"replies":[{"embeddable":true,"href":"https:\/\/franciscanas.org\/portal\/brasil\/wp-json\/wp\/v2\/comments?post=4718"}],"version-history":[{"count":2,"href":"https:\/\/franciscanas.org\/portal\/brasil\/wp-json\/wp\/v2\/posts\/4718\/revisions"}],"predecessor-version":[{"id":4724,"href":"https:\/\/franciscanas.org\/portal\/brasil\/wp-json\/wp\/v2\/posts\/4718\/revisions\/4724"}],"wp:featuredmedia":[{"embeddable":true,"href":"https:\/\/franciscanas.org\/portal\/brasil\/wp-json\/wp\/v2\/media\/4719"}],"wp:attachment":[{"href":"https:\/\/franciscanas.org\/portal\/brasil\/wp-json\/wp\/v2\/media?parent=4718"}],"wp:term":[{"taxonomy":"category","embeddable":true,"href":"https:\/\/franciscanas.org\/portal\/brasil\/wp-json\/wp\/v2\/categories?post=4718"},{"taxonomy":"post_tag","embeddable":true,"href":"https:\/\/franciscanas.org\/portal\/brasil\/wp-json\/wp\/v2\/tags?post=4718"}],"curies":[{"name":"wp","href":"https:\/\/api.w.org\/{rel}","templated":true}]}}