{"id":4715,"date":"2024-11-29T20:30:00","date_gmt":"2024-11-29T23:30:00","guid":{"rendered":"https:\/\/franciscanas.org\/portal\/brasil\/?p=4715"},"modified":"2024-11-13T15:43:09","modified_gmt":"2024-11-13T18:43:09","slug":"i-domingo-do-advento","status":"publish","type":"post","link":"https:\/\/franciscanas.org\/portal\/brasil\/evangelho-do-domingo\/i-domingo-do-advento\/","title":{"rendered":"1\u00ba Domingo do Advento"},"content":{"rendered":"\n<p class=\"has-vivid-red-color has-text-color has-link-color wp-elements-7b3c46b72b2f7833bc0f319bcafed45c\"><strong>Evangelho de Jesus Cristo segundo Lucas<\/strong> (Lc 21, 25-28.34-36)<\/p>\n\n\n\n<p>Naquele tempo, disse Jesus a seus disc\u00edpulos:<br>25 &#8220;Haver\u00e1 sinais no sol, na lua e nas estrelas. Na terra, as na\u00e7\u00f5es ficar\u00e3o angustiadas, com pavor do barulho do mar e das ondas.<br>26 Os homens v\u00e3o desmaiar de medo s\u00f3 em pensar no que vai acontecer ao mundo, porque as for\u00e7as do c\u00e9u ser\u00e3o abaladas.<br>27 Ent\u00e3o eles ver\u00e3o o Filho do homem vindo numa nuvem com grande poder e gl\u00f3ria.<br>28 Quando essas coisas come\u00e7arem a acontecer, levantai-vos e erguei a cabe\u00e7a, porque a vossa liberta\u00e7\u00e3o est\u00e1 pr\u00f3xima.<br>34 Tomai cuidado para que vossos cora\u00e7\u00f5es n\u00e3o fiquem insens\u00edveis por causa da gula, da embriaguez e das preocupa\u00e7\u00f5es da vida, e esse dia n\u00e3o caia de repente sobre v\u00f3s;<br>35 pois esse dia cair\u00e1 como uma armadilha sobre todos os habitantes de toda a terra.<br>36 Portanto, ficai atentos e orai a todo momento, a fim de terdes for\u00e7a para escapar de tudo o que deve acontecer e para ficardes em p\u00e9 diante do Filho do homem&#8221;.<\/p>\n\n\n\n<p class=\"has-vivid-red-color has-text-color has-link-color wp-elements-3cc7a6e539ad9197ded83c6af347ecff\">Palavra da Salva\u00e7\u00e3o.<\/p>\n\n\n\n<p><\/p>\n","protected":false},"excerpt":{"rendered":"<p>\u201cQuando essas coisas come\u00e7arem a acontecer, levantai-vos e erguei a cabe\u00e7a, porque a vossa liberta\u00e7\u00e3o est\u00e1 pr\u00f3xima\u201d (Lc 21, 28).<\/p>\n","protected":false},"author":1,"featured_media":4716,"comment_status":"closed","ping_status":"closed","sticky":false,"template":"","format":"standard","meta":{"_et_pb_use_builder":"off","_et_pb_old_content":"","_et_gb_content_width":"1200","footnotes":""},"categories":[106],"tags":[],"class_list":["post-4715","post","type-post","status-publish","format-standard","has-post-thumbnail","hentry","category-evangelho-do-domingo"],"_links":{"self":[{"href":"https:\/\/franciscanas.org\/portal\/brasil\/wp-json\/wp\/v2\/posts\/4715","targetHints":{"allow":["GET"]}}],"collection":[{"href":"https:\/\/franciscanas.org\/portal\/brasil\/wp-json\/wp\/v2\/posts"}],"about":[{"href":"https:\/\/franciscanas.org\/portal\/brasil\/wp-json\/wp\/v2\/types\/post"}],"author":[{"embeddable":true,"href":"https:\/\/franciscanas.org\/portal\/brasil\/wp-json\/wp\/v2\/users\/1"}],"replies":[{"embeddable":true,"href":"https:\/\/franciscanas.org\/portal\/brasil\/wp-json\/wp\/v2\/comments?post=4715"}],"version-history":[{"count":2,"href":"https:\/\/franciscanas.org\/portal\/brasil\/wp-json\/wp\/v2\/posts\/4715\/revisions"}],"predecessor-version":[{"id":4725,"href":"https:\/\/franciscanas.org\/portal\/brasil\/wp-json\/wp\/v2\/posts\/4715\/revisions\/4725"}],"wp:featuredmedia":[{"embeddable":true,"href":"https:\/\/franciscanas.org\/portal\/brasil\/wp-json\/wp\/v2\/media\/4716"}],"wp:attachment":[{"href":"https:\/\/franciscanas.org\/portal\/brasil\/wp-json\/wp\/v2\/media?parent=4715"}],"wp:term":[{"taxonomy":"category","embeddable":true,"href":"https:\/\/franciscanas.org\/portal\/brasil\/wp-json\/wp\/v2\/categories?post=4715"},{"taxonomy":"post_tag","embeddable":true,"href":"https:\/\/franciscanas.org\/portal\/brasil\/wp-json\/wp\/v2\/tags?post=4715"}],"curies":[{"name":"wp","href":"https:\/\/api.w.org\/{rel}","templated":true}]}}