{"id":4711,"date":"2024-11-22T20:30:00","date_gmt":"2024-11-22T23:30:00","guid":{"rendered":"https:\/\/franciscanas.org\/portal\/brasil\/?p=4711"},"modified":"2024-11-13T11:33:17","modified_gmt":"2024-11-13T14:33:17","slug":"nosso-senhor-jesus-cristo-rei-do-universo","status":"publish","type":"post","link":"https:\/\/franciscanas.org\/portal\/brasil\/evangelho-do-domingo\/nosso-senhor-jesus-cristo-rei-do-universo\/","title":{"rendered":"Nosso Senhor Jesus Cristo, Rei do Universo"},"content":{"rendered":"\n<p class=\"has-vivid-red-color has-text-color has-link-color wp-elements-9a992c113d2af182120c34370d7d01c2\"><strong>Evangelho de Jesus Cristo segundo Jo\u00e3o<\/strong> (18, 33b-37)<\/p>\n\n\n\n<p>Naquele tempo:<br>33 Pilatos chamou Jesus e perguntou-lhe: &#8216;Tu \u00e9s o rei dos judeus?&#8217;<br>34 Jesus respondeu: &#8216;Est\u00e1s dizendo isto por ti mesmo, ou outros te disseram isto de mim?&#8217;<br>35 Pilatos falou: &#8216;Por acaso, sou judeu? O teu povo e os sumos sacerdotes te entregaram a mim. Que fizeste?&#8217;.<br>36 Jesus respondeu: &#8216;O meu reino n\u00e3o \u00e9 deste mundo. Se o meu reino fosse deste mundo, os meus guardas lutariam para que eu n\u00e3o fosse entregue aos judeus. Mas o meu reino n\u00e3o \u00e9 daqui&#8217;.<br>37 Pilatos disse a Jesus: &#8216;Ent\u00e3o tu \u00e9s rei?&#8217; Jesus respondeu: &#8216;Tu o dizes: eu sou rei. Eu nasci e vim ao mundo para isto: para dar testemunho da verdade. Todo aquele que \u00e9 da verdade escuta a minha voz&#8217;.<\/p>\n\n\n\n<p class=\"has-vivid-red-color has-text-color has-link-color wp-elements-3cc7a6e539ad9197ded83c6af347ecff\">Palavra da Salva\u00e7\u00e3o.<\/p>\n\n\n\n<p><\/p>\n","protected":false},"excerpt":{"rendered":"<p>\u201c&#8230;eu sou rei. Eu nasci e vim ao mundo para isto&#8230;\u201d (Jo 18, 37)<\/p>\n","protected":false},"author":1,"featured_media":4713,"comment_status":"closed","ping_status":"closed","sticky":false,"template":"","format":"standard","meta":{"_et_pb_use_builder":"off","_et_pb_old_content":"","_et_gb_content_width":"1200","footnotes":""},"categories":[106],"tags":[],"class_list":["post-4711","post","type-post","status-publish","format-standard","has-post-thumbnail","hentry","category-evangelho-do-domingo"],"_links":{"self":[{"href":"https:\/\/franciscanas.org\/portal\/brasil\/wp-json\/wp\/v2\/posts\/4711","targetHints":{"allow":["GET"]}}],"collection":[{"href":"https:\/\/franciscanas.org\/portal\/brasil\/wp-json\/wp\/v2\/posts"}],"about":[{"href":"https:\/\/franciscanas.org\/portal\/brasil\/wp-json\/wp\/v2\/types\/post"}],"author":[{"embeddable":true,"href":"https:\/\/franciscanas.org\/portal\/brasil\/wp-json\/wp\/v2\/users\/1"}],"replies":[{"embeddable":true,"href":"https:\/\/franciscanas.org\/portal\/brasil\/wp-json\/wp\/v2\/comments?post=4711"}],"version-history":[{"count":1,"href":"https:\/\/franciscanas.org\/portal\/brasil\/wp-json\/wp\/v2\/posts\/4711\/revisions"}],"predecessor-version":[{"id":4714,"href":"https:\/\/franciscanas.org\/portal\/brasil\/wp-json\/wp\/v2\/posts\/4711\/revisions\/4714"}],"wp:featuredmedia":[{"embeddable":true,"href":"https:\/\/franciscanas.org\/portal\/brasil\/wp-json\/wp\/v2\/media\/4713"}],"wp:attachment":[{"href":"https:\/\/franciscanas.org\/portal\/brasil\/wp-json\/wp\/v2\/media?parent=4711"}],"wp:term":[{"taxonomy":"category","embeddable":true,"href":"https:\/\/franciscanas.org\/portal\/brasil\/wp-json\/wp\/v2\/categories?post=4711"},{"taxonomy":"post_tag","embeddable":true,"href":"https:\/\/franciscanas.org\/portal\/brasil\/wp-json\/wp\/v2\/tags?post=4711"}],"curies":[{"name":"wp","href":"https:\/\/api.w.org\/{rel}","templated":true}]}}