{"id":4708,"date":"2024-11-15T20:30:00","date_gmt":"2024-11-15T23:30:00","guid":{"rendered":"https:\/\/franciscanas.org\/portal\/brasil\/?p=4708"},"modified":"2024-11-13T10:08:49","modified_gmt":"2024-11-13T13:08:49","slug":"33o-domingo-do-tempo-comum-2","status":"publish","type":"post","link":"https:\/\/franciscanas.org\/portal\/brasil\/evangelho-do-domingo\/33o-domingo-do-tempo-comum-2\/","title":{"rendered":"33\u00ba Domingo do Tempo Comum"},"content":{"rendered":"\n<p class=\"has-vivid-red-color has-text-color has-link-color wp-elements-2c358d0c1ef58c37308a13878204c6e9\"><strong>Evangelho de Jesus Cristo segundo Marcos<\/strong> (Mc 13, 24-32)<\/p>\n\n\n\n<p>Naquele tempo, Jesus disse a seus disc\u00edpulos:<br>24 &#8220;Naqueles dias, depois da grande tribula\u00e7\u00e3o, o sol vai se escurecer e a lua n\u00e3o brilhar\u00e1 mais,<br>25 as estrelas come\u00e7ar\u00e3o a cair do c\u00e9u e as for\u00e7as do c\u00e9u ser\u00e3o abaladas.<br>26 Ent\u00e3o vereis o Filho do homem vindo nas nuvens com grande poder e gl\u00f3ria.<br>27 Ele enviar\u00e1 os anjos aos quatro cantos da terra e reunir\u00e1 os eleitos de Deus de uma extremidade \u00e0 outra da terra.<br>28 Aprendei, pois, da figueira esta par\u00e1bola: quando seus ramos ficam verdes e as folhas come\u00e7am a brotar, sabeis que o ver\u00e3o est\u00e1 perto.<br>29 Assim tamb\u00e9m, quando virdes acontecer essas coisas, ficai sabendo que o Filho do homem est\u00e1 pr\u00f3ximo, \u00e0s portas.<br>30 Em verdade vos digo, esta gera\u00e7\u00e3o n\u00e3o passar\u00e1 at\u00e9 que tudo isso aconte\u00e7a.<br>31 O c\u00e9u e a terra passar\u00e3o, mas as minhas palavras n\u00e3o passar\u00e3o.<br>32 Quanto \u00e0quele dia e hora, ningu\u00e9m sabe, nem os anjos do c\u00e9u, nem o Filho, mas somente o Pai&#8221;.<\/p>\n\n\n\n<p class=\"has-vivid-red-color has-text-color has-link-color wp-elements-3cc7a6e539ad9197ded83c6af347ecff\">Palavra da Salva\u00e7\u00e3o.<\/p>\n\n\n\n<p><\/p>\n","protected":false},"excerpt":{"rendered":"<p>\u201cO c\u00e9u e a terra passar\u00e3o, mas as minhas palavras n\u00e3o passar\u00e3o\u201d (Mc 13, 31).<\/p>\n","protected":false},"author":1,"featured_media":4709,"comment_status":"closed","ping_status":"closed","sticky":false,"template":"","format":"standard","meta":{"_et_pb_use_builder":"off","_et_pb_old_content":"","_et_gb_content_width":"1200","footnotes":""},"categories":[106],"tags":[],"class_list":["post-4708","post","type-post","status-publish","format-standard","has-post-thumbnail","hentry","category-evangelho-do-domingo"],"_links":{"self":[{"href":"https:\/\/franciscanas.org\/portal\/brasil\/wp-json\/wp\/v2\/posts\/4708","targetHints":{"allow":["GET"]}}],"collection":[{"href":"https:\/\/franciscanas.org\/portal\/brasil\/wp-json\/wp\/v2\/posts"}],"about":[{"href":"https:\/\/franciscanas.org\/portal\/brasil\/wp-json\/wp\/v2\/types\/post"}],"author":[{"embeddable":true,"href":"https:\/\/franciscanas.org\/portal\/brasil\/wp-json\/wp\/v2\/users\/1"}],"replies":[{"embeddable":true,"href":"https:\/\/franciscanas.org\/portal\/brasil\/wp-json\/wp\/v2\/comments?post=4708"}],"version-history":[{"count":1,"href":"https:\/\/franciscanas.org\/portal\/brasil\/wp-json\/wp\/v2\/posts\/4708\/revisions"}],"predecessor-version":[{"id":4710,"href":"https:\/\/franciscanas.org\/portal\/brasil\/wp-json\/wp\/v2\/posts\/4708\/revisions\/4710"}],"wp:featuredmedia":[{"embeddable":true,"href":"https:\/\/franciscanas.org\/portal\/brasil\/wp-json\/wp\/v2\/media\/4709"}],"wp:attachment":[{"href":"https:\/\/franciscanas.org\/portal\/brasil\/wp-json\/wp\/v2\/media?parent=4708"}],"wp:term":[{"taxonomy":"category","embeddable":true,"href":"https:\/\/franciscanas.org\/portal\/brasil\/wp-json\/wp\/v2\/categories?post=4708"},{"taxonomy":"post_tag","embeddable":true,"href":"https:\/\/franciscanas.org\/portal\/brasil\/wp-json\/wp\/v2\/tags?post=4708"}],"curies":[{"name":"wp","href":"https:\/\/api.w.org\/{rel}","templated":true}]}}