{"id":4658,"date":"2024-11-01T20:30:00","date_gmt":"2024-11-01T23:30:00","guid":{"rendered":"https:\/\/franciscanas.org\/portal\/brasil\/?p=4658"},"modified":"2024-11-02T22:02:05","modified_gmt":"2024-11-03T01:02:05","slug":"solenidade-de-todos-os-santos","status":"publish","type":"post","link":"https:\/\/franciscanas.org\/portal\/brasil\/evangelho-do-domingo\/solenidade-de-todos-os-santos\/","title":{"rendered":"Solenidade de Todos os Santos"},"content":{"rendered":"\n<p class=\"has-vivid-red-color has-text-color has-link-color wp-elements-722dea2283f246b97a476875265762c8\"><strong>Evangelho de Jesus Cristo segundo Mateus<\/strong> (Mt 5, 1-12a)<\/p>\n\n\n\n<p>Naquele tempo:<br>1 Vendo Jesus as multid\u00f5es, subiu ao monte e sentou-se. Os disc\u00edpulos aproximaram-se,<br>2 e Jesus come\u00e7ou a ensin\u00e1-los:<br>3 &#8220;Bem-aventurados os pobres em esp\u00edrito, porque deles \u00e9 o Reino dos C\u00e9us.<br>4 Bem-aventurados os aflitos, porque ser\u00e3o consolados.<br>5 Bem-aventurados os mansos, porque possuir\u00e3o a terra.<br>6 Bem-aventurados os que t\u00eam fome e sede de justi\u00e7a, porque ser\u00e3o saciados.<br>7 Bem-aventurados os misericordiosos, porque alcan\u00e7ar\u00e3o miseric\u00f3rdia.<br>8 Bem-aventurados os puros de cora\u00e7\u00e3o, porque ver\u00e3o a Deus.<br>9 Bem-aventurados os que promovem a paz, porque ser\u00e3o chamados filhos de Deus.<br>10 Bem-aventurados os que s\u00e3o perseguidos por causa da justi\u00e7a, porque deles \u00e9 o Reino dos C\u00e9us.<br>11 Bem-aventurados sois v\u00f3s, quando vos injuriarem e perseguirem, e, mentindo, disserem todo tipo de mal contra v\u00f3s, por causa de mim.<br>12 Alegrai-vos e exultai, porque ser\u00e1 grande a vossa recompensa nos c\u00e9us.<\/p>\n\n\n\n<p class=\"has-vivid-red-color has-text-color has-link-color wp-elements-3cc7a6e539ad9197ded83c6af347ecff\">Palavra da Salva\u00e7\u00e3o.<\/p>\n\n\n\n<p><\/p>\n","protected":false},"excerpt":{"rendered":"<p>Bem-aventurados os que s\u00e3o perseguidos por causa da justi\u00e7a, porque deles \u00e9 o Reino dos C\u00e9us (Mt 5, 11).<\/p>\n","protected":false},"author":1,"featured_media":4659,"comment_status":"closed","ping_status":"closed","sticky":false,"template":"","format":"standard","meta":{"_et_pb_use_builder":"off","_et_pb_old_content":"","_et_gb_content_width":"1200","footnotes":""},"categories":[106],"tags":[],"class_list":["post-4658","post","type-post","status-publish","format-standard","has-post-thumbnail","hentry","category-evangelho-do-domingo"],"_links":{"self":[{"href":"https:\/\/franciscanas.org\/portal\/brasil\/wp-json\/wp\/v2\/posts\/4658","targetHints":{"allow":["GET"]}}],"collection":[{"href":"https:\/\/franciscanas.org\/portal\/brasil\/wp-json\/wp\/v2\/posts"}],"about":[{"href":"https:\/\/franciscanas.org\/portal\/brasil\/wp-json\/wp\/v2\/types\/post"}],"author":[{"embeddable":true,"href":"https:\/\/franciscanas.org\/portal\/brasil\/wp-json\/wp\/v2\/users\/1"}],"replies":[{"embeddable":true,"href":"https:\/\/franciscanas.org\/portal\/brasil\/wp-json\/wp\/v2\/comments?post=4658"}],"version-history":[{"count":1,"href":"https:\/\/franciscanas.org\/portal\/brasil\/wp-json\/wp\/v2\/posts\/4658\/revisions"}],"predecessor-version":[{"id":4660,"href":"https:\/\/franciscanas.org\/portal\/brasil\/wp-json\/wp\/v2\/posts\/4658\/revisions\/4660"}],"wp:featuredmedia":[{"embeddable":true,"href":"https:\/\/franciscanas.org\/portal\/brasil\/wp-json\/wp\/v2\/media\/4659"}],"wp:attachment":[{"href":"https:\/\/franciscanas.org\/portal\/brasil\/wp-json\/wp\/v2\/media?parent=4658"}],"wp:term":[{"taxonomy":"category","embeddable":true,"href":"https:\/\/franciscanas.org\/portal\/brasil\/wp-json\/wp\/v2\/categories?post=4658"},{"taxonomy":"post_tag","embeddable":true,"href":"https:\/\/franciscanas.org\/portal\/brasil\/wp-json\/wp\/v2\/tags?post=4658"}],"curies":[{"name":"wp","href":"https:\/\/api.w.org\/{rel}","templated":true}]}}