{"id":4601,"date":"2024-10-25T20:30:00","date_gmt":"2024-10-25T23:30:00","guid":{"rendered":"https:\/\/franciscanas.org\/portal\/brasil\/?p=4601"},"modified":"2024-10-26T20:10:50","modified_gmt":"2024-10-26T23:10:50","slug":"30o-domingo-do-tempo-comum-2","status":"publish","type":"post","link":"https:\/\/franciscanas.org\/portal\/brasil\/evangelho-do-domingo\/30o-domingo-do-tempo-comum-2\/","title":{"rendered":"30\u00ba Domingo do Tempo Comum"},"content":{"rendered":"\n<p class=\"has-vivid-red-color has-text-color has-link-color wp-elements-1748319a0a24d351a21589470012ce5c\"><strong>Evangelho de Jesus Cristo segundo Marcos<\/strong> (Mc 10, 46-52)<\/p>\n\n\n\n<p>Naquele tempo:<br>46 Jesus saiu de Jeric\u00f3, junto com seus disc\u00edpulos e uma grande multid\u00e3o. O filho de Timeu, Bartimeu, cego e mendigo, estava sentado \u00e0 beira do caminho.<br>47 Quando ouviu dizer que Jesus, o Nazareno, estava passando, come\u00e7ou a gritar: &#8216;Jesus, filho de Davi, tem piedade de mim!&#8217;<br>48 Muitos o repreendiam para que se calasse. Mas ele gritava mais ainda: &#8216;Filho de Davi, tem piedade de mim!<br>49 Ent\u00e3o Jesus parou e disse: &#8216;Chamai-o&#8217;. Eles o chamaram e disseram: &#8216;Coragem, levanta-te, Jesus te chama!&#8217;<br>50 O cego jogou o manto, deu um pulo e foi at\u00e9 Jesus.<br>51 Ent\u00e3o Jesus lhe perguntou: &#8216;O que queres que eu te fa\u00e7a?&#8217; O cego respondeu: &#8216;Mestre, que eu veja!&#8217;<br>52 Jesus disse: &#8216;Vai, a tua f\u00e9 te curou&#8217;. No mesmo instante, ele recuperou a vista e seguia Jesus pelo caminho.<\/p>\n\n\n\n<p class=\"has-vivid-red-color has-text-color has-link-color wp-elements-3cc7a6e539ad9197ded83c6af347ecff\">Palavra da Salva\u00e7\u00e3o.<\/p>\n\n\n\n<p><\/p>\n","protected":false},"excerpt":{"rendered":"<p>&#8216;Mestre, que eu veja!&#8217; (Mc 10, 51).<\/p>\n","protected":false},"author":1,"featured_media":4602,"comment_status":"closed","ping_status":"closed","sticky":false,"template":"","format":"standard","meta":{"_et_pb_use_builder":"off","_et_pb_old_content":"","_et_gb_content_width":"1200","footnotes":""},"categories":[106],"tags":[],"class_list":["post-4601","post","type-post","status-publish","format-standard","has-post-thumbnail","hentry","category-evangelho-do-domingo"],"_links":{"self":[{"href":"https:\/\/franciscanas.org\/portal\/brasil\/wp-json\/wp\/v2\/posts\/4601","targetHints":{"allow":["GET"]}}],"collection":[{"href":"https:\/\/franciscanas.org\/portal\/brasil\/wp-json\/wp\/v2\/posts"}],"about":[{"href":"https:\/\/franciscanas.org\/portal\/brasil\/wp-json\/wp\/v2\/types\/post"}],"author":[{"embeddable":true,"href":"https:\/\/franciscanas.org\/portal\/brasil\/wp-json\/wp\/v2\/users\/1"}],"replies":[{"embeddable":true,"href":"https:\/\/franciscanas.org\/portal\/brasil\/wp-json\/wp\/v2\/comments?post=4601"}],"version-history":[{"count":1,"href":"https:\/\/franciscanas.org\/portal\/brasil\/wp-json\/wp\/v2\/posts\/4601\/revisions"}],"predecessor-version":[{"id":4603,"href":"https:\/\/franciscanas.org\/portal\/brasil\/wp-json\/wp\/v2\/posts\/4601\/revisions\/4603"}],"wp:featuredmedia":[{"embeddable":true,"href":"https:\/\/franciscanas.org\/portal\/brasil\/wp-json\/wp\/v2\/media\/4602"}],"wp:attachment":[{"href":"https:\/\/franciscanas.org\/portal\/brasil\/wp-json\/wp\/v2\/media?parent=4601"}],"wp:term":[{"taxonomy":"category","embeddable":true,"href":"https:\/\/franciscanas.org\/portal\/brasil\/wp-json\/wp\/v2\/categories?post=4601"},{"taxonomy":"post_tag","embeddable":true,"href":"https:\/\/franciscanas.org\/portal\/brasil\/wp-json\/wp\/v2\/tags?post=4601"}],"curies":[{"name":"wp","href":"https:\/\/api.w.org\/{rel}","templated":true}]}}