{"id":4597,"date":"2024-10-18T20:40:00","date_gmt":"2024-10-18T23:40:00","guid":{"rendered":"https:\/\/franciscanas.org\/portal\/brasil\/?p=4597"},"modified":"2024-10-19T22:52:26","modified_gmt":"2024-10-20T01:52:26","slug":"29o-domingo-do-tempo-comun","status":"publish","type":"post","link":"https:\/\/franciscanas.org\/portal\/brasil\/evangelho-do-domingo\/29o-domingo-do-tempo-comun\/","title":{"rendered":"29\u00ba Domingo do Tempo Comun"},"content":{"rendered":"\n<p class=\"has-vivid-red-color has-text-color has-link-color wp-elements-a517a14fbfb659002014d4c480aeb804\"><strong>Evangelho de Jesus Cristo segundo Marcos<\/strong> (Mc 10,35-45)<\/p>\n\n\n\n<p>Naquele tempo,<br>35 Tiago e Jo\u00e3o, filhos de Zebedeu, foram a Jesus e lhe disseram: &#8220;Mestre, queremos que fa\u00e7as por n\u00f3s o que vamos pedir&#8221;.<br>36 Ele perguntou: &#8220;O que quereis que eu vos fa\u00e7a?&#8221;<br>37 Eles responderam: &#8220;Deixa-nos sentar um \u00e0 tua direita e outro \u00e0 tua esquerda, quando estiveres na tua gl\u00f3ria!&#8221;<br>38 Jesus ent\u00e3o lhes disse: &#8220;V\u00f3s n\u00e3o sabeis o que pedis. Por acaso podeis beber o c\u00e1lice que eu vou beber? Podeis ser batizados com o batismo com que vou ser batizado?&#8221;<br>39 Eles responderam: &#8220;Podemos&#8221;. E ele lhes disse: &#8220;V\u00f3s bebereis o c\u00e1lice que eu devo beber, e sereis batizados com o batismo com que eu devo ser batizado.<br>40 Mas n\u00e3o depende de mim conceder o lugar \u00e0 minha direita ou \u00e0 minha esquerda. \u00c9 para aqueles a quem foi reservado&#8221;.<br>41 Quando os outros dez disc\u00edpulos ouviram isso, indignaram-se com Tiago e Jo\u00e3o.<br>42 Jesus os chamou e disse: &#8220;V\u00f3s sabeis que os chefes das na\u00e7\u00f5es as oprimem e os grandes as tiranizam.<br>43 Mas, entre v\u00f3s, n\u00e3o deve ser assim: quem quiser ser grande, seja vosso servo;<br>44 e quem quiser ser o primeiro, seja o escravo de todos.<br>45 Porque o Filho do Homem n\u00e3o veio para ser servido, mas para servir e dar a sua vida como resgate para muitos&#8221;.<\/p>\n\n\n\n<p class=\"has-vivid-red-color has-text-color has-link-color wp-elements-3cc7a6e539ad9197ded83c6af347ecff\">Palavra da Salva\u00e7\u00e3o.<\/p>\n\n\n\n<p><\/p>\n","protected":false},"excerpt":{"rendered":"<p>\u201cN\u00e3o depende de mim conceder o lugar \u00e0 minha direita ou \u00e0 minha esquerda\u201d (Mc 10,40).<\/p>\n","protected":false},"author":1,"featured_media":4598,"comment_status":"closed","ping_status":"closed","sticky":false,"template":"","format":"standard","meta":{"_et_pb_use_builder":"off","_et_pb_old_content":"","_et_gb_content_width":"1200","footnotes":""},"categories":[106],"tags":[],"class_list":["post-4597","post","type-post","status-publish","format-standard","has-post-thumbnail","hentry","category-evangelho-do-domingo"],"_links":{"self":[{"href":"https:\/\/franciscanas.org\/portal\/brasil\/wp-json\/wp\/v2\/posts\/4597","targetHints":{"allow":["GET"]}}],"collection":[{"href":"https:\/\/franciscanas.org\/portal\/brasil\/wp-json\/wp\/v2\/posts"}],"about":[{"href":"https:\/\/franciscanas.org\/portal\/brasil\/wp-json\/wp\/v2\/types\/post"}],"author":[{"embeddable":true,"href":"https:\/\/franciscanas.org\/portal\/brasil\/wp-json\/wp\/v2\/users\/1"}],"replies":[{"embeddable":true,"href":"https:\/\/franciscanas.org\/portal\/brasil\/wp-json\/wp\/v2\/comments?post=4597"}],"version-history":[{"count":1,"href":"https:\/\/franciscanas.org\/portal\/brasil\/wp-json\/wp\/v2\/posts\/4597\/revisions"}],"predecessor-version":[{"id":4599,"href":"https:\/\/franciscanas.org\/portal\/brasil\/wp-json\/wp\/v2\/posts\/4597\/revisions\/4599"}],"wp:featuredmedia":[{"embeddable":true,"href":"https:\/\/franciscanas.org\/portal\/brasil\/wp-json\/wp\/v2\/media\/4598"}],"wp:attachment":[{"href":"https:\/\/franciscanas.org\/portal\/brasil\/wp-json\/wp\/v2\/media?parent=4597"}],"wp:term":[{"taxonomy":"category","embeddable":true,"href":"https:\/\/franciscanas.org\/portal\/brasil\/wp-json\/wp\/v2\/categories?post=4597"},{"taxonomy":"post_tag","embeddable":true,"href":"https:\/\/franciscanas.org\/portal\/brasil\/wp-json\/wp\/v2\/tags?post=4597"}],"curies":[{"name":"wp","href":"https:\/\/api.w.org\/{rel}","templated":true}]}}