{"id":4564,"date":"2024-10-11T20:30:00","date_gmt":"2024-10-11T23:30:00","guid":{"rendered":"https:\/\/franciscanas.org\/portal\/brasil\/?p=4564"},"modified":"2024-10-11T22:12:04","modified_gmt":"2024-10-12T01:12:04","slug":"28o-domingo-do-tempo-comum-2","status":"publish","type":"post","link":"https:\/\/franciscanas.org\/portal\/brasil\/evangelho-do-domingo\/28o-domingo-do-tempo-comum-2\/","title":{"rendered":"28\u00ba Domingo do Tempo Comum"},"content":{"rendered":"\n<p class=\"has-vivid-red-color has-text-color has-link-color wp-elements-3f6ce32c92c6b69258b15e36c6fc9630\">Evangelho de Jesus Cristo segundo Marcos (Mc 10, 17-30)<\/p>\n\n\n\n<p>17 Quando Jesus saiu a caminhar, veio algu\u00e9m correndo, ajoelhou-se diante dele, e perguntou: &#8216;Bom Mestre, que devo fazer para ganhar a vida eterna?&#8217;<br>18 Jesus disse: &#8216;Por que me chamas de bom?&#8217; S\u00f3 Deus \u00e9 bom, e mais ningu\u00e9m.<br>19 Tu conheces os mandamentos: n\u00e3o matar\u00e1s; n\u00e3o cometer\u00e1s adult\u00e9rio; n\u00e3o roubar\u00e1s; n\u00e3o levantar\u00e1s falso testemunho; n\u00e3o prejudicar\u00e1s ningu\u00e9m; honra teu pai e tua m\u00e3e!&#8217;<br>20 Ele respondeu: &#8216;Mestre, tudo isso tenho observado desde a minha juventude&#8217;.<br>21 Jesus olhou para ele com amor, e disse: &#8216;S\u00f3 uma coisa te falta: vai, vende tudo o que tens e d\u00e1 aos pobres, e ter\u00e1s um tesouro no c\u00e9u. Depois vem e segue-me!&#8217;<br>22 Mas quando ele ouviu isso, ficou abatido e foi embora cheio de tristeza, porque era muito rico.<br>23 Jesus ent\u00e3o olhou ao redor e disse aos disc\u00edpulos: &#8216;Como \u00e9 dif\u00edcil para os ricos entrar no Reino de Deus!&#8217;<br>24 Os disc\u00edpulos se admiravam com estas palavras, mas ele disse de novo: &#8216;Meus filhos, como \u00e9 dif\u00edcil entrar no Reino de Deus!<br>25 \u00c9 mais f\u00e1cil um camelo passar pelo buraco de uma agulha do que um rico entrar no Reino de Deus!&#8217;<br>26 Eles ficaram muito espantados ao ouvirem isso, e perguntavam uns aos outros: &#8216;Ent\u00e3o, quem pode ser salvo?&#8217;<br>27 Jesus olhou para eles e disse: &#8216;Para os homens isso \u00e9 imposs\u00edvel, mas n\u00e3o para Deus. Para Deus tudo \u00e9 poss\u00edvel&#8217;.<br>28 Pedro ent\u00e3o come\u00e7ou a dizer-lhe: &#8216;Eis que n\u00f3s deixamos tudo e te seguimos&#8217;.<br>29 Respondeu Jesus: &#8216;Em verdade vos digo, quem tiver deixado casa, irm\u00e3os, irm\u00e3s, m\u00e3e, pai, filhos, campos, por causa de mim e do Evangelho,<br>30 receber\u00e1 cem vezes mais agora, durante esta vida &#8211; casa, irm\u00e3os, irm\u00e3s, m\u00e3es, filhos e campos, com persegui\u00e7\u00f5es &#8211; e, no mundo futuro, a vida eterna.<\/p>\n\n\n\n<p class=\"has-vivid-red-color has-text-color has-link-color wp-elements-3cc7a6e539ad9197ded83c6af347ecff\">Palavra da Salva\u00e7\u00e3o.<\/p>\n\n\n\n<p><\/p>\n","protected":false},"excerpt":{"rendered":"<p>\u201cVai, vende tudo o que tens e d\u00e1 aos pobres, e ter\u00e1s um tesouro no c\u00e9u. Depois vem e segue-me!\u201d (Mc 10, 21).<\/p>\n","protected":false},"author":1,"featured_media":4566,"comment_status":"closed","ping_status":"closed","sticky":false,"template":"","format":"standard","meta":{"_et_pb_use_builder":"off","_et_pb_old_content":"","_et_gb_content_width":"1200","footnotes":""},"categories":[106],"tags":[],"class_list":["post-4564","post","type-post","status-publish","format-standard","has-post-thumbnail","hentry","category-evangelho-do-domingo"],"_links":{"self":[{"href":"https:\/\/franciscanas.org\/portal\/brasil\/wp-json\/wp\/v2\/posts\/4564","targetHints":{"allow":["GET"]}}],"collection":[{"href":"https:\/\/franciscanas.org\/portal\/brasil\/wp-json\/wp\/v2\/posts"}],"about":[{"href":"https:\/\/franciscanas.org\/portal\/brasil\/wp-json\/wp\/v2\/types\/post"}],"author":[{"embeddable":true,"href":"https:\/\/franciscanas.org\/portal\/brasil\/wp-json\/wp\/v2\/users\/1"}],"replies":[{"embeddable":true,"href":"https:\/\/franciscanas.org\/portal\/brasil\/wp-json\/wp\/v2\/comments?post=4564"}],"version-history":[{"count":1,"href":"https:\/\/franciscanas.org\/portal\/brasil\/wp-json\/wp\/v2\/posts\/4564\/revisions"}],"predecessor-version":[{"id":4565,"href":"https:\/\/franciscanas.org\/portal\/brasil\/wp-json\/wp\/v2\/posts\/4564\/revisions\/4565"}],"wp:featuredmedia":[{"embeddable":true,"href":"https:\/\/franciscanas.org\/portal\/brasil\/wp-json\/wp\/v2\/media\/4566"}],"wp:attachment":[{"href":"https:\/\/franciscanas.org\/portal\/brasil\/wp-json\/wp\/v2\/media?parent=4564"}],"wp:term":[{"taxonomy":"category","embeddable":true,"href":"https:\/\/franciscanas.org\/portal\/brasil\/wp-json\/wp\/v2\/categories?post=4564"},{"taxonomy":"post_tag","embeddable":true,"href":"https:\/\/franciscanas.org\/portal\/brasil\/wp-json\/wp\/v2\/tags?post=4564"}],"curies":[{"name":"wp","href":"https:\/\/api.w.org\/{rel}","templated":true}]}}