{"id":4560,"date":"2024-10-04T22:51:26","date_gmt":"2024-10-05T01:51:26","guid":{"rendered":"https:\/\/franciscanas.org\/portal\/brasil\/?p=4560"},"modified":"2024-10-04T22:51:27","modified_gmt":"2024-10-05T01:51:27","slug":"27o-domingo-do-tempo-comum","status":"publish","type":"post","link":"https:\/\/franciscanas.org\/portal\/brasil\/evangelho-do-domingo\/27o-domingo-do-tempo-comum\/","title":{"rendered":"27\u00ba Domingo do Tempo Comum"},"content":{"rendered":"\n<p class=\"has-vivid-red-color has-text-color has-link-color wp-elements-526a0e08c18263061f9408cbb94c1623\"><strong>Evangelho de Jesus Cristo seguundo Marcos<\/strong> (Mc 10, 2-16)<\/p>\n\n\n\n<p>Naquele tempo:<br>2 Alguns fariseus se aproximaram de Jesus. Para p\u00f4-lo \u00e0 prova, perguntaram se era permitido ao homem divorciar-se de sua mulher.<br>3 Jesus perguntou: &#8216;O que Mois\u00e9s vos ordenou?&#8217;<br>4 Os fariseus responderam: &#8216;Mois\u00e9s permitiu escrever uma certid\u00e3o de div\u00f3rcio e despedi-la&#8217;.<br>5 Jesus ent\u00e3o disse: &#8216;Foi por causa da dureza do vosso cora\u00e7\u00e3o que Mois\u00e9s vos escreveu este mandamento.<br>6 No entanto, desde o come\u00e7o da cria\u00e7\u00e3o, Deus os fez homem e mulher.<br>7 Por isso, o homem deixar\u00e1 seu pai e sua m\u00e3e e os dois ser\u00e3o uma s\u00f3 carne.<br>8 Assim, j\u00e1 n\u00e3o s\u00e3o dois, mas uma s\u00f3 carne.<br>9 Portanto, o que Deus uniu, o homem n\u00e3o separe!&#8217;<br>10 Em casa, os disc\u00edpulos fizeram, novamente, perguntas sobre o mesmo assunto.<br>11 Jesus respondeu: &#8216;Quem se divorciar de sua mulher e casar com outra, cometer\u00e1 adult\u00e9rio contra a primeira.<br>12 E se a mulher se divorciar de seu marido e casar com outro, cometer\u00e1 adult\u00e9rio&#8217;.<br>13 Depois disso, traziam crian\u00e7as para que Jesus as tocasse. Mas os disc\u00edpulos as repreendiam.<br>14 Vendo isso, Jesus se aborreceu e disse: &#8216;Deixai vir a mim as crian\u00e7as. N\u00e3o as proibais, porque o Reino de Deus \u00e9 dos que s\u00e3o como elas.<br>15 Em verdade vos digo: quem n\u00e3o receber o Reino de Deus como uma crian\u00e7a, n\u00e3o entrar\u00e1 nele&#8217;.<br>16 Ele abra\u00e7ava as crian\u00e7as e as aben\u00e7oava, impondo-lhes as m\u00e3os.<\/p>\n\n\n\n<p class=\"has-vivid-red-color has-text-color has-link-color wp-elements-3cc7a6e539ad9197ded83c6af347ecff\">Palavra da Salva\u00e7\u00e3o.<\/p>\n\n\n\n<p><\/p>\n","protected":false},"excerpt":{"rendered":"<p>\u201cO que Deus uniu, o homem n\u00e3o separe!\u201d (Mc 10, 9)<\/p>\n","protected":false},"author":1,"featured_media":4561,"comment_status":"closed","ping_status":"closed","sticky":false,"template":"","format":"standard","meta":{"_et_pb_use_builder":"off","_et_pb_old_content":"","_et_gb_content_width":"1200","footnotes":""},"categories":[106],"tags":[],"class_list":["post-4560","post","type-post","status-publish","format-standard","has-post-thumbnail","hentry","category-evangelho-do-domingo"],"_links":{"self":[{"href":"https:\/\/franciscanas.org\/portal\/brasil\/wp-json\/wp\/v2\/posts\/4560","targetHints":{"allow":["GET"]}}],"collection":[{"href":"https:\/\/franciscanas.org\/portal\/brasil\/wp-json\/wp\/v2\/posts"}],"about":[{"href":"https:\/\/franciscanas.org\/portal\/brasil\/wp-json\/wp\/v2\/types\/post"}],"author":[{"embeddable":true,"href":"https:\/\/franciscanas.org\/portal\/brasil\/wp-json\/wp\/v2\/users\/1"}],"replies":[{"embeddable":true,"href":"https:\/\/franciscanas.org\/portal\/brasil\/wp-json\/wp\/v2\/comments?post=4560"}],"version-history":[{"count":1,"href":"https:\/\/franciscanas.org\/portal\/brasil\/wp-json\/wp\/v2\/posts\/4560\/revisions"}],"predecessor-version":[{"id":4562,"href":"https:\/\/franciscanas.org\/portal\/brasil\/wp-json\/wp\/v2\/posts\/4560\/revisions\/4562"}],"wp:featuredmedia":[{"embeddable":true,"href":"https:\/\/franciscanas.org\/portal\/brasil\/wp-json\/wp\/v2\/media\/4561"}],"wp:attachment":[{"href":"https:\/\/franciscanas.org\/portal\/brasil\/wp-json\/wp\/v2\/media?parent=4560"}],"wp:term":[{"taxonomy":"category","embeddable":true,"href":"https:\/\/franciscanas.org\/portal\/brasil\/wp-json\/wp\/v2\/categories?post=4560"},{"taxonomy":"post_tag","embeddable":true,"href":"https:\/\/franciscanas.org\/portal\/brasil\/wp-json\/wp\/v2\/tags?post=4560"}],"curies":[{"name":"wp","href":"https:\/\/api.w.org\/{rel}","templated":true}]}}