{"id":4528,"date":"2024-09-20T20:30:00","date_gmt":"2024-09-20T23:30:00","guid":{"rendered":"https:\/\/franciscanas.org\/portal\/brasil\/?p=4528"},"modified":"2024-09-20T18:34:34","modified_gmt":"2024-09-20T21:34:34","slug":"25o-domingo-do-tempo-comum-2","status":"publish","type":"post","link":"https:\/\/franciscanas.org\/portal\/brasil\/evangelho-do-domingo\/25o-domingo-do-tempo-comum-2\/","title":{"rendered":"25\u00ba Domingo do Tempo Comum"},"content":{"rendered":"\n<p class=\"has-vivid-red-color has-text-color has-link-color wp-elements-486ec16a578f60bf5b2495a2b849c217\">Evangelho de Jesus Cristo segundo Marcos (9, 30-37)<\/p>\n\n\n\n<p>Naquele tempo:<br>30 Jesus e seus disc\u00edpulos atravessavam a Galil\u00e9ia. Ele n\u00e3o queria que ningu\u00e9m soubesse disso,<br>31 pois estava ensinando a seus disc\u00edpulos. E dizia-lhes: &#8216;O Filho do Homem vai ser entregue nas m\u00e3os dos homens, e eles o matar\u00e3o. Mas, tr\u00eas dias ap\u00f3s sua morte, ele ressuscitar\u00e1&#8217;.<br>32 Os disc\u00edpulos, por\u00e9m, n\u00e3o compreendiam estas palavras e tinham medo de perguntar.<br>33 Eles chegaram a Cafarnaum. Estando em casa, Jesus perguntou-lhes: &#8216;O que discut\u00edeis pelo caminho?&#8217;<br>34 Eles, por\u00e9m, ficaram calados, pois pelo caminho tinham discutido quem era o maior.<br>35 Jesus sentou-se, chamou os doze e lhes disse: &#8216;Se algu\u00e9m quiser ser o primeiro, que seja o \u00faltimo de todos e aquele que serve a todos!&#8217;<br>36 Em seguida, pegou uma crian\u00e7a, colocou-a no meio deles, e abra\u00e7ando-a disse:<br>37 &#8216;Quem acolher em meu nome uma destas crian\u00e7as, \u00e9 a mim que estar\u00e1 acolhendo. E quem me acolher, est\u00e1 acolhendo, n\u00e3o a mim, mas \u00e0quele que me enviou&#8217;.<\/p>\n\n\n\n<p class=\"has-vivid-red-color has-text-color has-link-color wp-elements-d7821cd23b6e603737dc84538be896be\">Palavra da Salva\u00e7\u00e3o<\/p>\n\n\n\n<p><\/p>\n","protected":false},"excerpt":{"rendered":"<p> \u201cSe algu\u00e9m quiser ser o primeiro, que seja o \u00faltimo de todos e aquele que serve a todos!\u201d (Mc 9, 35).<\/p>\n","protected":false},"author":1,"featured_media":4531,"comment_status":"closed","ping_status":"closed","sticky":false,"template":"","format":"standard","meta":{"_et_pb_use_builder":"off","_et_pb_old_content":"","_et_gb_content_width":"1200","footnotes":""},"categories":[106],"tags":[],"class_list":["post-4528","post","type-post","status-publish","format-standard","has-post-thumbnail","hentry","category-evangelho-do-domingo"],"_links":{"self":[{"href":"https:\/\/franciscanas.org\/portal\/brasil\/wp-json\/wp\/v2\/posts\/4528","targetHints":{"allow":["GET"]}}],"collection":[{"href":"https:\/\/franciscanas.org\/portal\/brasil\/wp-json\/wp\/v2\/posts"}],"about":[{"href":"https:\/\/franciscanas.org\/portal\/brasil\/wp-json\/wp\/v2\/types\/post"}],"author":[{"embeddable":true,"href":"https:\/\/franciscanas.org\/portal\/brasil\/wp-json\/wp\/v2\/users\/1"}],"replies":[{"embeddable":true,"href":"https:\/\/franciscanas.org\/portal\/brasil\/wp-json\/wp\/v2\/comments?post=4528"}],"version-history":[{"count":1,"href":"https:\/\/franciscanas.org\/portal\/brasil\/wp-json\/wp\/v2\/posts\/4528\/revisions"}],"predecessor-version":[{"id":4529,"href":"https:\/\/franciscanas.org\/portal\/brasil\/wp-json\/wp\/v2\/posts\/4528\/revisions\/4529"}],"wp:featuredmedia":[{"embeddable":true,"href":"https:\/\/franciscanas.org\/portal\/brasil\/wp-json\/wp\/v2\/media\/4531"}],"wp:attachment":[{"href":"https:\/\/franciscanas.org\/portal\/brasil\/wp-json\/wp\/v2\/media?parent=4528"}],"wp:term":[{"taxonomy":"category","embeddable":true,"href":"https:\/\/franciscanas.org\/portal\/brasil\/wp-json\/wp\/v2\/categories?post=4528"},{"taxonomy":"post_tag","embeddable":true,"href":"https:\/\/franciscanas.org\/portal\/brasil\/wp-json\/wp\/v2\/tags?post=4528"}],"curies":[{"name":"wp","href":"https:\/\/api.w.org\/{rel}","templated":true}]}}