{"id":4487,"date":"2024-09-13T20:30:00","date_gmt":"2024-09-13T23:30:00","guid":{"rendered":"https:\/\/franciscanas.org\/portal\/brasil\/?p=4487"},"modified":"2024-09-04T22:19:45","modified_gmt":"2024-09-05T01:19:45","slug":"24o-domingo-do-tempo-comum-2","status":"publish","type":"post","link":"https:\/\/franciscanas.org\/portal\/brasil\/evangelho-do-domingo\/24o-domingo-do-tempo-comum-2\/","title":{"rendered":"24\u00ba Domingo do Tempo Comum"},"content":{"rendered":"\n<p class=\"has-vivid-red-color has-text-color has-link-color wp-elements-1523d80e8a1b1367b2a79bb80a9b5665\"><strong>Evangelho de Jesus Cristo segundo Marcos<\/strong> 8,27-35<\/p>\n\n\n\n<p>Naquele tempo:<br>27 Jesus partiu com seus disc\u00edpulos para os povoados de Cesar\u00e9ia de Filipe. No caminho perguntou aos disc\u00edpulos: &#8216;Quem dizem os homens que eu sou?&#8217;<br>28 Eles responderam: &#8216;Alguns dizem que tu \u00e9s Jo\u00e3o Batista; outros que \u00e9s Elias; outros, ainda, que \u00e9s um dos profetas&#8217;.<br>29 Ent\u00e3o ele perguntou: &#8216;E v\u00f3s, quem dizeis que eu sou?&#8217; Pedro respondeu: &#8216;Tu \u00e9s o Messias&#8217;.<br>30 Jesus proibiu-lhes severamente de falar a algu\u00e9m a seu respeito.<br>31 Em seguida, come\u00e7ou a ensin\u00e1-los, dizendo que o Filho do Homem devia sofrer muito, ser rejeitado pelos anci\u00e3os, pelos sumos sacerdotes e doutores da Lei; devia ser morto, e ressuscitar depois de tr\u00eas dias.<br>32 Ele dizia isso abertamente. Ent\u00e3o Pedro tomou Jesus \u00e0 parte e come\u00e7ou a repreend\u00ea-lo.<br>33 Jesus voltou-se, olhou para os disc\u00edpulos e repreendeu a Pedro, dizendo: &#8216;Vai para longe de mim, Satan\u00e1s!&#8217; Tu n\u00e3o pensas como Deus, e sim como os homens&#8217;.<br>34 Ent\u00e3o chamou a multid\u00e3o com seus disc\u00edpulos e disse: &#8216;Se algu\u00e9m me quer seguir, renuncie a si mesmo, tome a sua cruz e me siga.<br>35 Pois quem quiser salvar a sua vida, vai perd\u00ea-la; mas quem perder a sua vida por causa de mim e do Evangelho, vai salv\u00e1-la.<\/p>\n\n\n\n<p class=\"has-vivid-red-color has-text-color has-link-color wp-elements-3cc7a6e539ad9197ded83c6af347ecff\">Palavra da Salva\u00e7\u00e3o.<\/p>\n\n\n\n<p><\/p>\n","protected":false},"excerpt":{"rendered":"<p>Pedro respondeu: &#8216;Tu \u00e9s o Messias&#8217; (Mc 8, 29)<\/p>\n","protected":false},"author":1,"featured_media":4490,"comment_status":"closed","ping_status":"closed","sticky":false,"template":"","format":"standard","meta":{"_et_pb_use_builder":"off","_et_pb_old_content":"","_et_gb_content_width":"1200","footnotes":""},"categories":[106],"tags":[],"class_list":["post-4487","post","type-post","status-publish","format-standard","has-post-thumbnail","hentry","category-evangelho-do-domingo"],"_links":{"self":[{"href":"https:\/\/franciscanas.org\/portal\/brasil\/wp-json\/wp\/v2\/posts\/4487","targetHints":{"allow":["GET"]}}],"collection":[{"href":"https:\/\/franciscanas.org\/portal\/brasil\/wp-json\/wp\/v2\/posts"}],"about":[{"href":"https:\/\/franciscanas.org\/portal\/brasil\/wp-json\/wp\/v2\/types\/post"}],"author":[{"embeddable":true,"href":"https:\/\/franciscanas.org\/portal\/brasil\/wp-json\/wp\/v2\/users\/1"}],"replies":[{"embeddable":true,"href":"https:\/\/franciscanas.org\/portal\/brasil\/wp-json\/wp\/v2\/comments?post=4487"}],"version-history":[{"count":1,"href":"https:\/\/franciscanas.org\/portal\/brasil\/wp-json\/wp\/v2\/posts\/4487\/revisions"}],"predecessor-version":[{"id":4489,"href":"https:\/\/franciscanas.org\/portal\/brasil\/wp-json\/wp\/v2\/posts\/4487\/revisions\/4489"}],"wp:featuredmedia":[{"embeddable":true,"href":"https:\/\/franciscanas.org\/portal\/brasil\/wp-json\/wp\/v2\/media\/4490"}],"wp:attachment":[{"href":"https:\/\/franciscanas.org\/portal\/brasil\/wp-json\/wp\/v2\/media?parent=4487"}],"wp:term":[{"taxonomy":"category","embeddable":true,"href":"https:\/\/franciscanas.org\/portal\/brasil\/wp-json\/wp\/v2\/categories?post=4487"},{"taxonomy":"post_tag","embeddable":true,"href":"https:\/\/franciscanas.org\/portal\/brasil\/wp-json\/wp\/v2\/tags?post=4487"}],"curies":[{"name":"wp","href":"https:\/\/api.w.org\/{rel}","templated":true}]}}