{"id":4484,"date":"2024-09-06T20:30:00","date_gmt":"2024-09-06T23:30:00","guid":{"rendered":"https:\/\/franciscanas.org\/portal\/brasil\/?p=4484"},"modified":"2024-09-04T22:12:01","modified_gmt":"2024-09-05T01:12:01","slug":"23o-domingo-do-tempo-comum-2","status":"publish","type":"post","link":"https:\/\/franciscanas.org\/portal\/brasil\/evangelho-do-domingo\/23o-domingo-do-tempo-comum-2\/","title":{"rendered":"23\u00ba Domingo do Tempo Comum"},"content":{"rendered":"\n<p class=\"has-vivid-red-color has-text-color has-link-color wp-elements-9e32e9aee30636b54a00587e4e6acdb5\"><strong>Evangelho de Jesus Cristo segundo Marcos<\/strong> 7, 31-37<\/p>\n\n\n\n<p>Naquele tempo:<br>31 Jesus saiu de novo da regi\u00e3o de Tiro, passou por Sid\u00f4nia e continuou at\u00e9 o mar da Galil\u00e9ia, atravessando a regi\u00e3o da Dec\u00e1pole.<br>32 Trouxeram ent\u00e3o um homem surdo, que falava com dificuldade, e pediram que Jesus lhe impusesse a m\u00e3o.<br>33 Jesus afastou-se com o homem, para fora da multid\u00e3o; em seguida colocou os dedos nos seus ouvidos, cuspiu e com a saliva tocou a l\u00edngua dele.<br>34 Olhando para o c\u00e9u, suspirou e disse: &#8216;Efat\u00e1!&#8217;, que quer dizer: &#8216;Abre-te!&#8217;<br>35 Imediatamente seus ouvidos se abriram, sua l\u00edngua se soltou e ele come\u00e7ou a falar sem dificuldade.<br>36 Jesus recomendou com insist\u00eancia que n\u00e3o contassem a ningu\u00e9m. Mas, quanto mais ele recomendava, mais eles divulgavam.<br>37 Muito impressionados, diziam: &#8216;Ele tem feito bem todas as coisas: Aos surdos faz ouvir e aos mudos falar&#8217;.<\/p>\n\n\n\n<p class=\"has-vivid-red-color has-text-color has-link-color wp-elements-3cc7a6e539ad9197ded83c6af347ecff\">Palavra da Salva\u00e7\u00e3o.<\/p>\n\n\n\n<p><\/p>\n","protected":false},"excerpt":{"rendered":"<p>&#8216;Ele tem feito bem todas as coisas: Aos surdos faz ouvir e aos mudos falar&#8217; (Mc 7, 37).<\/p>\n","protected":false},"author":1,"featured_media":4485,"comment_status":"closed","ping_status":"closed","sticky":false,"template":"","format":"standard","meta":{"_et_pb_use_builder":"off","_et_pb_old_content":"","_et_gb_content_width":"1200","footnotes":""},"categories":[106],"tags":[],"class_list":["post-4484","post","type-post","status-publish","format-standard","has-post-thumbnail","hentry","category-evangelho-do-domingo"],"_links":{"self":[{"href":"https:\/\/franciscanas.org\/portal\/brasil\/wp-json\/wp\/v2\/posts\/4484","targetHints":{"allow":["GET"]}}],"collection":[{"href":"https:\/\/franciscanas.org\/portal\/brasil\/wp-json\/wp\/v2\/posts"}],"about":[{"href":"https:\/\/franciscanas.org\/portal\/brasil\/wp-json\/wp\/v2\/types\/post"}],"author":[{"embeddable":true,"href":"https:\/\/franciscanas.org\/portal\/brasil\/wp-json\/wp\/v2\/users\/1"}],"replies":[{"embeddable":true,"href":"https:\/\/franciscanas.org\/portal\/brasil\/wp-json\/wp\/v2\/comments?post=4484"}],"version-history":[{"count":1,"href":"https:\/\/franciscanas.org\/portal\/brasil\/wp-json\/wp\/v2\/posts\/4484\/revisions"}],"predecessor-version":[{"id":4486,"href":"https:\/\/franciscanas.org\/portal\/brasil\/wp-json\/wp\/v2\/posts\/4484\/revisions\/4486"}],"wp:featuredmedia":[{"embeddable":true,"href":"https:\/\/franciscanas.org\/portal\/brasil\/wp-json\/wp\/v2\/media\/4485"}],"wp:attachment":[{"href":"https:\/\/franciscanas.org\/portal\/brasil\/wp-json\/wp\/v2\/media?parent=4484"}],"wp:term":[{"taxonomy":"category","embeddable":true,"href":"https:\/\/franciscanas.org\/portal\/brasil\/wp-json\/wp\/v2\/categories?post=4484"},{"taxonomy":"post_tag","embeddable":true,"href":"https:\/\/franciscanas.org\/portal\/brasil\/wp-json\/wp\/v2\/tags?post=4484"}],"curies":[{"name":"wp","href":"https:\/\/api.w.org\/{rel}","templated":true}]}}