{"id":4481,"date":"2024-08-30T21:35:23","date_gmt":"2024-08-31T00:35:23","guid":{"rendered":"https:\/\/franciscanas.org\/portal\/brasil\/?p=4481"},"modified":"2024-09-04T21:39:55","modified_gmt":"2024-09-05T00:39:55","slug":"22o-domingo-do-tempo-comum-2","status":"publish","type":"post","link":"https:\/\/franciscanas.org\/portal\/brasil\/evangelho-do-domingo\/22o-domingo-do-tempo-comum-2\/","title":{"rendered":"22\u00ba Domingo do Tempo Comum"},"content":{"rendered":"\n<p class=\"has-vivid-red-color has-text-color has-link-color wp-elements-de81a69a674c635e790eee313761b47f\">Evangelio de Mc 7, 1-8.14-15.21-23<\/p>\n\n\n\n<p>Naquele tempo:<br>1 Os fariseus e alguns mestres da Lei vieram de Jerusal\u00e9m e se reuniram em torno de Jesus.<br>2 Eles viam que alguns dos seus disc\u00edpulos comiam o p\u00e3o com as m\u00e3os impuras, isto \u00e9, sem as terem lavado.<br>3 Com efeito, os fariseus e todos os judeus s\u00f3 comem depois de lavar bem as m\u00e3os, seguindo a tradi\u00e7\u00e3o recebida dos antigos.<br>4 Ao voltar da pra\u00e7a, eles n\u00e3o comem sem tomar banho. E seguem muitos outros costumes que receberam por tradi\u00e7\u00e3o: a maneira certa de lavar copos, jarras e vasilhas de cobre.<br>5 Os fariseus e os mestres da Lei perguntaram ent\u00e3o a Jesus: &#8216;Por que os teus disc\u00edpulos n\u00e3o seguem a tradi\u00e7\u00e3o dos antigos, mas comem o p\u00e3o sem lavar as m\u00e3os?&#8217;<br>6 Jesus respondeu: &#8216;Bem profetizou Isa\u00edas a vosso respeito, hip\u00f3critas, como est\u00e1 escrito: &#8216;Este povo me honra com os l\u00e1bios, mas seu cora\u00e7\u00e3o est\u00e1 longe de mim.<br>7 De nada adianta o culto que me prestam, pois as doutrinas que ensinam s\u00e3o preceitos humanos&#8217;.<br>8 V\u00f3s abandonais o mandamento de Deus para seguir a tradi\u00e7\u00e3o dos homens&#8217;.<br>14 Em seguida, Jesus chamou a multid\u00e3o para perto de si e disse: &#8216;Escutai todos e compreendei:<br>15 o que torna impuro o homem n\u00e3o \u00e9 o que entra nele vindo de fora, mas o que sai do seu interior.<br>21 Pois \u00e9 de dentro do cora\u00e7\u00e3o humano que saem as m\u00e1s inten\u00e7\u00f5es, imoralidades, roubos, assass\u00ednios,<br>22 adult\u00e9rios, ambi\u00e7\u00f5es desmedidas, maldades, fraudes, devassid\u00e3o, inveja, cal\u00fania, orgulho, falta de ju\u00edzo.<br>23 Todas estas coisas m\u00e1s saem de dentro, e s\u00e3o elas que tornam impuro o homem&#8217;.<\/p>\n\n\n\n<p class=\"has-vivid-red-color has-text-color has-link-color wp-elements-3cc7a6e539ad9197ded83c6af347ecff\">Palavra da Salva\u00e7\u00e3o.<\/p>\n\n\n\n<p><\/p>\n","protected":false},"excerpt":{"rendered":"<p>\u201cO que torna impuro o homem n\u00e3o \u00e9 o que entra nele vindo de fora, mas o que sai do seu interior\u201d (Mc 7, 15).<\/p>\n","protected":false},"author":1,"featured_media":4482,"comment_status":"closed","ping_status":"closed","sticky":false,"template":"","format":"standard","meta":{"_et_pb_use_builder":"off","_et_pb_old_content":"","_et_gb_content_width":"1200","footnotes":""},"categories":[106],"tags":[],"class_list":["post-4481","post","type-post","status-publish","format-standard","has-post-thumbnail","hentry","category-evangelho-do-domingo"],"_links":{"self":[{"href":"https:\/\/franciscanas.org\/portal\/brasil\/wp-json\/wp\/v2\/posts\/4481","targetHints":{"allow":["GET"]}}],"collection":[{"href":"https:\/\/franciscanas.org\/portal\/brasil\/wp-json\/wp\/v2\/posts"}],"about":[{"href":"https:\/\/franciscanas.org\/portal\/brasil\/wp-json\/wp\/v2\/types\/post"}],"author":[{"embeddable":true,"href":"https:\/\/franciscanas.org\/portal\/brasil\/wp-json\/wp\/v2\/users\/1"}],"replies":[{"embeddable":true,"href":"https:\/\/franciscanas.org\/portal\/brasil\/wp-json\/wp\/v2\/comments?post=4481"}],"version-history":[{"count":1,"href":"https:\/\/franciscanas.org\/portal\/brasil\/wp-json\/wp\/v2\/posts\/4481\/revisions"}],"predecessor-version":[{"id":4483,"href":"https:\/\/franciscanas.org\/portal\/brasil\/wp-json\/wp\/v2\/posts\/4481\/revisions\/4483"}],"wp:featuredmedia":[{"embeddable":true,"href":"https:\/\/franciscanas.org\/portal\/brasil\/wp-json\/wp\/v2\/media\/4482"}],"wp:attachment":[{"href":"https:\/\/franciscanas.org\/portal\/brasil\/wp-json\/wp\/v2\/media?parent=4481"}],"wp:term":[{"taxonomy":"category","embeddable":true,"href":"https:\/\/franciscanas.org\/portal\/brasil\/wp-json\/wp\/v2\/categories?post=4481"},{"taxonomy":"post_tag","embeddable":true,"href":"https:\/\/franciscanas.org\/portal\/brasil\/wp-json\/wp\/v2\/tags?post=4481"}],"curies":[{"name":"wp","href":"https:\/\/api.w.org\/{rel}","templated":true}]}}