{"id":4424,"date":"2024-08-23T11:40:57","date_gmt":"2024-08-23T14:40:57","guid":{"rendered":"https:\/\/franciscanas.org\/portal\/brasil\/?p=4424"},"modified":"2024-08-08T13:58:48","modified_gmt":"2024-08-08T16:58:48","slug":"21o-domingo-do-tempo-comum-2","status":"publish","type":"post","link":"https:\/\/franciscanas.org\/portal\/brasil\/evangelho-do-domingo\/21o-domingo-do-tempo-comum-2\/","title":{"rendered":"21\u00ba Domingo do Tempo Comum"},"content":{"rendered":"\n<p class=\"has-vivid-red-color has-text-color has-link-color wp-elements-b953d3e2273ef7378dd89332f1b9c03c\"><strong>Evangelho de Jesus Cristo segundo Jo\u00e3o<\/strong> 6, 60-69<\/p>\n\n\n\n<p>Naquele tempo,<br>60 muitos dos disc\u00edpulos de Jesus que o escutaram, disseram: &#8220;Esta palavra \u00e9 dura. Quem consegue escut\u00e1-la?&#8221;<br>61 Sabendo que seus disc\u00edpulos estavam murmurando por causa disso mesmo, Jesus perguntou: &#8220;Isto vos escandaliza?<br>62 E quando virdes o Filho do homem subindo para onde estava antes?<br>63 O Esp\u00edrito \u00e9 que d\u00e1 vida, a carne n\u00e3o adianta nada. As palavras que vos falei s\u00e3o esp\u00edrito e vida.<br>64 Mas entre v\u00f3s h\u00e1 alguns que n\u00e3o creem&#8221;. Jesus sabia, desde o in\u00edcio, quem eram os que n\u00e3o tinham f\u00e9 e quem havia de entreg\u00e1-lo.<br>65 E acrescentou: &#8220;\u00c9 por isso que vos disse: ningu\u00e9m pode vir a mim a n\u00e3o ser que lhe seja concedido pelo Pai&#8221;.<br>66 A partir daquele momento, muitos disc\u00edpulos voltaram atr\u00e1s e n\u00e3o andavam mais com ele.<br>67 Ent\u00e3o, Jesus disse aos doze: &#8220;V\u00f3s tamb\u00e9m vos quereis ir embora?&#8221;<br>68 Sim\u00e3o Pedro respondeu: &#8220;A quem iremos, Senhor? Tu tens palavras de vida eterna.<br>69 N\u00f3s cremos firmemente e reconhecemos que tu \u00e9s o santo de Deus&#8221;.<\/p>\n\n\n\n<p class=\"has-vivid-red-color has-text-color has-link-color wp-elements-3cc7a6e539ad9197ded83c6af347ecff\">Palavra da Salva\u00e7\u00e3o.<\/p>\n\n\n\n<p><\/p>\n","protected":false},"excerpt":{"rendered":"<p>&#8220;As palavras que vos falei s\u00e3o esp\u00edrito e vida &#8221; (Jo 6, 60).<\/p>\n","protected":false},"author":1,"featured_media":4427,"comment_status":"closed","ping_status":"closed","sticky":false,"template":"","format":"standard","meta":{"_et_pb_use_builder":"off","_et_pb_old_content":"","_et_gb_content_width":"1200","footnotes":""},"categories":[106],"tags":[],"class_list":["post-4424","post","type-post","status-publish","format-standard","has-post-thumbnail","hentry","category-evangelho-do-domingo"],"_links":{"self":[{"href":"https:\/\/franciscanas.org\/portal\/brasil\/wp-json\/wp\/v2\/posts\/4424","targetHints":{"allow":["GET"]}}],"collection":[{"href":"https:\/\/franciscanas.org\/portal\/brasil\/wp-json\/wp\/v2\/posts"}],"about":[{"href":"https:\/\/franciscanas.org\/portal\/brasil\/wp-json\/wp\/v2\/types\/post"}],"author":[{"embeddable":true,"href":"https:\/\/franciscanas.org\/portal\/brasil\/wp-json\/wp\/v2\/users\/1"}],"replies":[{"embeddable":true,"href":"https:\/\/franciscanas.org\/portal\/brasil\/wp-json\/wp\/v2\/comments?post=4424"}],"version-history":[{"count":2,"href":"https:\/\/franciscanas.org\/portal\/brasil\/wp-json\/wp\/v2\/posts\/4424\/revisions"}],"predecessor-version":[{"id":4426,"href":"https:\/\/franciscanas.org\/portal\/brasil\/wp-json\/wp\/v2\/posts\/4424\/revisions\/4426"}],"wp:featuredmedia":[{"embeddable":true,"href":"https:\/\/franciscanas.org\/portal\/brasil\/wp-json\/wp\/v2\/media\/4427"}],"wp:attachment":[{"href":"https:\/\/franciscanas.org\/portal\/brasil\/wp-json\/wp\/v2\/media?parent=4424"}],"wp:term":[{"taxonomy":"category","embeddable":true,"href":"https:\/\/franciscanas.org\/portal\/brasil\/wp-json\/wp\/v2\/categories?post=4424"},{"taxonomy":"post_tag","embeddable":true,"href":"https:\/\/franciscanas.org\/portal\/brasil\/wp-json\/wp\/v2\/tags?post=4424"}],"curies":[{"name":"wp","href":"https:\/\/api.w.org\/{rel}","templated":true}]}}