{"id":4394,"date":"2024-08-16T20:30:00","date_gmt":"2024-08-16T23:30:00","guid":{"rendered":"https:\/\/franciscanas.org\/portal\/brasil\/?p=4394"},"modified":"2024-08-08T11:39:50","modified_gmt":"2024-08-08T14:39:50","slug":"20-domingo-do-tempo-comum","status":"publish","type":"post","link":"https:\/\/franciscanas.org\/portal\/brasil\/evangelho-do-domingo\/20-domingo-do-tempo-comum\/","title":{"rendered":"20\u00ba Domingo do Tempo Comum"},"content":{"rendered":"\n<p class=\"has-vivid-red-color has-text-color has-link-color wp-elements-b55612cd5053fe3fd20a2337879e7b6c\"><strong>Evangelho de Jesus Cristo segundo Lucas<\/strong> 1, 39-56<\/p>\n\n\n\n<p>Naqueles dias,<br>39 Maria partiu para a regi\u00e3o montanhosa, dirigindo-se, apressadamente, a uma cidade da Judeia.<br>40 Entrou na casa de Zacarias e cumprimentou Isabel.<br>41 Quando Isabel ouviu a sauda\u00e7\u00e3o de Maria, a crian\u00e7a pulou no seu ventre e Isabel ficou cheia do Esp\u00edrito Santo. 42 Com um grande grito, exclamou: &#8220;Bendita \u00e9s tu entre as mulheres e bendito \u00e9 o fruto do teu ventre!<br>43 Como posso merecer que a m\u00e3e do meu Senhor me venha visitar?<br>44 Logo que a tua sauda\u00e7\u00e3o chegou aos meus ouvidos, a crian\u00e7a pulou de alegria no meu ventre.<br>45 Bem-aventurada aquela que acreditou, porque ser\u00e1 cumprido o que o Senhor lhe prometeu&#8221;.<br>46 Ent\u00e3o Maria disse: &#8220;A minha alma engrandece o Senhor,<br>47 e o meu esp\u00edrito se alegra em Deus, meu salvador,<br>48 porque olhou para a humildade de sua serva. Doravante todas as gera\u00e7\u00f5es me chamar\u00e3o bem-aventurada,<br>49 porque o Todo-Poderoso fez grandes coisas em meu favor. O seu nome \u00e9 santo,<br>50 e sua miseric\u00f3rdia se estende, de gera\u00e7\u00e3o em gera\u00e7\u00e3o, a todos os que o respeitam.<br>51 Ele mostrou a for\u00e7a de seu bra\u00e7o: dispersou os soberbos de cora\u00e7\u00e3o.<br>52 Derrubou do trono os poderosos e elevou os humildes. 53 Encheu de bens os famintos e despediu os ricos de m\u00e3os vazias.<br>54 Socorreu Israel, seu servo, lembrando-se de sua miseric\u00f3rdia,<br>55 conforme prometera aos nossos pais, em favor de Abra\u00e3o e de sua descend\u00eancia, para sempre&#8221;.<br>56 Maria ficou tr\u00eas meses com Isabel; depois voltou para casa.<\/p>\n\n\n\n<p class=\"has-vivid-red-color has-text-color has-link-color wp-elements-3cc7a6e539ad9197ded83c6af347ecff\">Palavra da Salva\u00e7\u00e3o.<\/p>\n\n\n\n<p><\/p>\n","protected":false},"excerpt":{"rendered":"<p>Meu esp\u00edrito se alegra em Deus, meu salvador (Lc 1, 47).<\/p>\n","protected":false},"author":1,"featured_media":4395,"comment_status":"closed","ping_status":"closed","sticky":false,"template":"","format":"standard","meta":{"_et_pb_use_builder":"off","_et_pb_old_content":"","_et_gb_content_width":"1200","footnotes":""},"categories":[106],"tags":[],"class_list":["post-4394","post","type-post","status-publish","format-standard","has-post-thumbnail","hentry","category-evangelho-do-domingo"],"_links":{"self":[{"href":"https:\/\/franciscanas.org\/portal\/brasil\/wp-json\/wp\/v2\/posts\/4394","targetHints":{"allow":["GET"]}}],"collection":[{"href":"https:\/\/franciscanas.org\/portal\/brasil\/wp-json\/wp\/v2\/posts"}],"about":[{"href":"https:\/\/franciscanas.org\/portal\/brasil\/wp-json\/wp\/v2\/types\/post"}],"author":[{"embeddable":true,"href":"https:\/\/franciscanas.org\/portal\/brasil\/wp-json\/wp\/v2\/users\/1"}],"replies":[{"embeddable":true,"href":"https:\/\/franciscanas.org\/portal\/brasil\/wp-json\/wp\/v2\/comments?post=4394"}],"version-history":[{"count":2,"href":"https:\/\/franciscanas.org\/portal\/brasil\/wp-json\/wp\/v2\/posts\/4394\/revisions"}],"predecessor-version":[{"id":4423,"href":"https:\/\/franciscanas.org\/portal\/brasil\/wp-json\/wp\/v2\/posts\/4394\/revisions\/4423"}],"wp:featuredmedia":[{"embeddable":true,"href":"https:\/\/franciscanas.org\/portal\/brasil\/wp-json\/wp\/v2\/media\/4395"}],"wp:attachment":[{"href":"https:\/\/franciscanas.org\/portal\/brasil\/wp-json\/wp\/v2\/media?parent=4394"}],"wp:term":[{"taxonomy":"category","embeddable":true,"href":"https:\/\/franciscanas.org\/portal\/brasil\/wp-json\/wp\/v2\/categories?post=4394"},{"taxonomy":"post_tag","embeddable":true,"href":"https:\/\/franciscanas.org\/portal\/brasil\/wp-json\/wp\/v2\/tags?post=4394"}],"curies":[{"name":"wp","href":"https:\/\/api.w.org\/{rel}","templated":true}]}}