{"id":4385,"date":"2024-08-02T20:30:00","date_gmt":"2024-08-02T23:30:00","guid":{"rendered":"https:\/\/franciscanas.org\/portal\/brasil\/?p=4385"},"modified":"2024-08-03T16:22:33","modified_gmt":"2024-08-03T19:22:33","slug":"18o-domingo-do-tempo-comum-2","status":"publish","type":"post","link":"https:\/\/franciscanas.org\/portal\/brasil\/evangelho-do-domingo\/18o-domingo-do-tempo-comum-2\/","title":{"rendered":"18\u00ba Domingo do Tempo Comum"},"content":{"rendered":"\n<p class=\"has-vivid-red-color has-text-color has-link-color wp-elements-0cef830434ec8536f4c717a4772209dc\"><strong>Evangelho de Jesus Cristo segundo Jo\u00e3o <\/strong>6, 24-35<\/p>\n\n\n\n<p>Naquele tempo,<br>24 quando a multid\u00e3o viu que Jesus n\u00e3o estava ali nem os seus disc\u00edpulos, subiram \u00e0s barcas e foram \u00e0 procura de Jesus, em Cafarnaum.<br>25 Quando o encontraram no outro lado do mar, perguntaram-lhe: &#8220;Rabi, quando chegaste aqui?&#8221;<br>26 Jesus respondeu: &#8220;Em verdade, em verdade eu vos digo, estais me procurando n\u00e3o porque vistes sinais, mas porque comestes p\u00e3o e ficastes satisfeitos.<br>27 Esfor\u00e7ai-vos n\u00e3o pelo alimento que se perde, mas pelo alimento que permanece at\u00e9 a vida eterna e que o Filho do homem vos dar\u00e1. Pois este \u00e9 quem o Pai marcou com seu selo&#8221;.<br>28 Ent\u00e3o perguntaram: &#8220;Que devemos fazer para realizar as obras de Deus?&#8221;<br>29 Jesus respondeu: &#8220;A obra de Deus \u00e9 que acrediteis naquele que ele enviou&#8221;.<br>30 Eles perguntaram: &#8220;Que sinal realizas, para que possamos ver e crer em ti? Que obra fazes?<br>31 Nossos pais comeram o man\u00e1 no deserto, como est\u00e1 na Escritura: &#8220;P\u00e3o do c\u00e9u deu-lhes a comer&#8221;.<br>32 Jesus respondeu: &#8220;Em verdade, em verdade vos digo, n\u00e3o foi Mois\u00e9s quem vos deu o p\u00e3o que veio do c\u00e9u. \u00c9 meu Pai que vos d\u00e1 o verdadeiro p\u00e3o do c\u00e9u.<br>33 Pois o p\u00e3o de Deus \u00e9 aquele que desce do c\u00e9u e d\u00e1 vida ao mundo&#8221;.<br>34 Ent\u00e3o pediram: &#8220;Senhor, d\u00e1-nos sempre desse p\u00e3o&#8221;.<br>35 Jesus lhes disse: &#8220;Eu sou o p\u00e3o da vida. Quem vem a mim n\u00e3o ter\u00e1 mais fome e quem cr\u00ea em mim nunca mais ter\u00e1 sede&#8221;.<\/p>\n\n\n\n<p class=\"has-vivid-red-color has-text-color has-link-color wp-elements-3cc7a6e539ad9197ded83c6af347ecff\">Palavra da Salva\u00e7\u00e3o.<\/p>\n\n\n\n<p><\/p>\n","protected":false},"excerpt":{"rendered":"<p>Esfor\u00e7ai-vos pelo alimento que permanece at\u00e9 a vida eterna.<br \/>\n(Jo 6, 27)<\/p>\n","protected":false},"author":1,"featured_media":4386,"comment_status":"closed","ping_status":"closed","sticky":false,"template":"","format":"standard","meta":{"_et_pb_use_builder":"off","_et_pb_old_content":"","_et_gb_content_width":"1200","footnotes":""},"categories":[106],"tags":[],"class_list":["post-4385","post","type-post","status-publish","format-standard","has-post-thumbnail","hentry","category-evangelho-do-domingo"],"_links":{"self":[{"href":"https:\/\/franciscanas.org\/portal\/brasil\/wp-json\/wp\/v2\/posts\/4385","targetHints":{"allow":["GET"]}}],"collection":[{"href":"https:\/\/franciscanas.org\/portal\/brasil\/wp-json\/wp\/v2\/posts"}],"about":[{"href":"https:\/\/franciscanas.org\/portal\/brasil\/wp-json\/wp\/v2\/types\/post"}],"author":[{"embeddable":true,"href":"https:\/\/franciscanas.org\/portal\/brasil\/wp-json\/wp\/v2\/users\/1"}],"replies":[{"embeddable":true,"href":"https:\/\/franciscanas.org\/portal\/brasil\/wp-json\/wp\/v2\/comments?post=4385"}],"version-history":[{"count":1,"href":"https:\/\/franciscanas.org\/portal\/brasil\/wp-json\/wp\/v2\/posts\/4385\/revisions"}],"predecessor-version":[{"id":4387,"href":"https:\/\/franciscanas.org\/portal\/brasil\/wp-json\/wp\/v2\/posts\/4385\/revisions\/4387"}],"wp:featuredmedia":[{"embeddable":true,"href":"https:\/\/franciscanas.org\/portal\/brasil\/wp-json\/wp\/v2\/media\/4386"}],"wp:attachment":[{"href":"https:\/\/franciscanas.org\/portal\/brasil\/wp-json\/wp\/v2\/media?parent=4385"}],"wp:term":[{"taxonomy":"category","embeddable":true,"href":"https:\/\/franciscanas.org\/portal\/brasil\/wp-json\/wp\/v2\/categories?post=4385"},{"taxonomy":"post_tag","embeddable":true,"href":"https:\/\/franciscanas.org\/portal\/brasil\/wp-json\/wp\/v2\/tags?post=4385"}],"curies":[{"name":"wp","href":"https:\/\/api.w.org\/{rel}","templated":true}]}}