{"id":4340,"date":"2024-07-26T20:35:00","date_gmt":"2024-07-26T23:35:00","guid":{"rendered":"https:\/\/franciscanas.org\/portal\/brasil\/?p=4340"},"modified":"2024-07-27T15:41:03","modified_gmt":"2024-07-27T18:41:03","slug":"17o-domingo-do-tempo-comum","status":"publish","type":"post","link":"https:\/\/franciscanas.org\/portal\/brasil\/evangelho-do-domingo\/17o-domingo-do-tempo-comum\/","title":{"rendered":"17\u00ba Domingo do Tempo Comum"},"content":{"rendered":"\n<p class=\"has-vivid-red-color has-text-color has-link-color wp-elements-e01ec6054cf783ccaad635666e439db1\">Evangelho de Jesus Cristo segundo Jo\u00e3o 6, 1-15<\/p>\n\n\n\n<p>Naquele tempo,<br>1 Jesus foi para o outro lado do mar da Galileia, tamb\u00e9m chamado de Tiber\u00edades.<br>2 Uma grande multid\u00e3o o seguia, porque via os sinais que ele operava a favor dos doentes.<br>3 Jesus subiu ao monte e sentou-se a\u00ed, com os seus disc\u00edpulos.<br>4 Estava pr\u00f3xima a P\u00e1scoa, a festa dos judeus.<br>5 Levantando os olhos, e vendo que uma grande multid\u00e3o estava vindo ao seu encontro, Jesus disse a Filipe: &#8220;Onde vamos comprar p\u00e3o para que eles possam comer?&#8221;<br>6 Disse isso para p\u00f4-lo \u00e0 prova, pois ele mesmo sabia muito bem o que ia fazer.<br>7 Filipe respondeu: &#8220;Nem duzentas moedas de prata bastariam para dar um peda\u00e7o de p\u00e3o a cada um&#8221;.<br>8 Um dos disc\u00edpulos, Andr\u00e9, o irm\u00e3o de Sim\u00e3o Pedro, disse:<br>9 &#8220;Est\u00e1 aqui um menino com cinco p\u00e3es de cevada e dois peixes. Mas o que \u00e9 isso para tanta gente?&#8221;<br>10 Jesus disse: &#8220;Fazei sentar as pessoas&#8221;.<br>Havia muita relva naquele lugar, e l\u00e1 se sentaram, aproximadamente, cinco mil homens.<br>11 Jesus tomou os p\u00e3es, deu gra\u00e7as e distribuiu-os aos que estavam sentados, tanto quanto queriam. E fez o mesmo com os peixes.<br>12 Quando todos ficaram satisfeitos, Jesus disse aos disc\u00edpulos: &#8220;Recolhei os peda\u00e7os que sobraram, para que nada se perca!&#8221;<br>13 Recolheram os peda\u00e7os e encheram doze cestos<br>com as sobras dos cinco p\u00e3es, deixadas pelos que haviam comido.<br>14 Vendo o sinal que Jesus tinha realizado, aqueles homens exclamavam: &#8220;Este \u00e9 verdadeiramente o Profeta, aquele que deve vir ao mundo&#8221;.<br>15 Mas, quando notou que estavam querendo lev\u00e1-lo<br>para proclam\u00e1-lo rei, Jesus retirou-se de novo, sozinho, para o monte.<\/p>\n\n\n\n<p class=\"has-vivid-red-color has-text-color has-link-color wp-elements-3cc7a6e539ad9197ded83c6af347ecff\">Palavra da Salva\u00e7\u00e3o.<\/p>\n\n\n\n<p><\/p>\n","protected":false},"excerpt":{"rendered":"<p>&#8220;Este \u00e9 Profeta que deve vir ao mundo&#8221; (Jo 6, 14)<\/p>\n","protected":false},"author":1,"featured_media":4336,"comment_status":"closed","ping_status":"closed","sticky":false,"template":"","format":"standard","meta":{"_et_pb_use_builder":"off","_et_pb_old_content":"","_et_gb_content_width":"1200","footnotes":""},"categories":[106],"tags":[],"class_list":["post-4340","post","type-post","status-publish","format-standard","has-post-thumbnail","hentry","category-evangelho-do-domingo"],"_links":{"self":[{"href":"https:\/\/franciscanas.org\/portal\/brasil\/wp-json\/wp\/v2\/posts\/4340","targetHints":{"allow":["GET"]}}],"collection":[{"href":"https:\/\/franciscanas.org\/portal\/brasil\/wp-json\/wp\/v2\/posts"}],"about":[{"href":"https:\/\/franciscanas.org\/portal\/brasil\/wp-json\/wp\/v2\/types\/post"}],"author":[{"embeddable":true,"href":"https:\/\/franciscanas.org\/portal\/brasil\/wp-json\/wp\/v2\/users\/1"}],"replies":[{"embeddable":true,"href":"https:\/\/franciscanas.org\/portal\/brasil\/wp-json\/wp\/v2\/comments?post=4340"}],"version-history":[{"count":1,"href":"https:\/\/franciscanas.org\/portal\/brasil\/wp-json\/wp\/v2\/posts\/4340\/revisions"}],"predecessor-version":[{"id":4341,"href":"https:\/\/franciscanas.org\/portal\/brasil\/wp-json\/wp\/v2\/posts\/4340\/revisions\/4341"}],"wp:featuredmedia":[{"embeddable":true,"href":"https:\/\/franciscanas.org\/portal\/brasil\/wp-json\/wp\/v2\/media\/4336"}],"wp:attachment":[{"href":"https:\/\/franciscanas.org\/portal\/brasil\/wp-json\/wp\/v2\/media?parent=4340"}],"wp:term":[{"taxonomy":"category","embeddable":true,"href":"https:\/\/franciscanas.org\/portal\/brasil\/wp-json\/wp\/v2\/categories?post=4340"},{"taxonomy":"post_tag","embeddable":true,"href":"https:\/\/franciscanas.org\/portal\/brasil\/wp-json\/wp\/v2\/tags?post=4340"}],"curies":[{"name":"wp","href":"https:\/\/api.w.org\/{rel}","templated":true}]}}