{"id":4335,"date":"2024-07-21T09:53:33","date_gmt":"2024-07-21T12:53:33","guid":{"rendered":"https:\/\/franciscanas.org\/portal\/brasil\/?p=4335"},"modified":"2024-08-03T16:44:03","modified_gmt":"2024-08-03T19:44:03","slug":"16o-domingo-do-tempo-comum-2","status":"publish","type":"post","link":"https:\/\/franciscanas.org\/portal\/brasil\/evangelho-do-domingo\/16o-domingo-do-tempo-comum-2\/","title":{"rendered":"16\u00ba Domingo do Tempo Comum"},"content":{"rendered":"\n<p class=\"has-vivid-red-color has-text-color has-link-color wp-elements-9bb32b9e3307682c698f332093201b49\"><strong>Evangelho de Jesus Cristo segundo <\/strong>Mc 6, 30 &#8211; 34<\/p>\n\n\n\n<p>Naquele tempo:<br>30 Os ap\u00f3stolos reuniram-se com Jesus e contaram tudo o que haviam feito e ensinado.<br>31 Ele lhes disse: &#8216;Vinde sozinhos para um lugar deserto, e descansai um pouco&#8217;. Havia, de fato, tanta gente chegando e saindo que n\u00e3o tinham tempo nem para comer.<br>32 Ent\u00e3o foram sozinhos, de barco, para um lugar deserto e afastado.<br>33 Muitos os viram partir e reconheceram que eram eles. Saindo de todas as cidades, correram a p\u00e9, e chegaram l\u00e1 antes deles.<br>34 Ao desembarcar, Jesus viu uma numerosa multid\u00e3o e teve compaix\u00e3o, porque eram como ovelhas sem pastor. Come\u00e7ou, pois, a ensinar-lhes muitas coisas.<\/p>\n\n\n\n<p class=\"has-vivid-red-color has-text-color has-link-color wp-elements-3cc7a6e539ad9197ded83c6af347ecff\">Palavra da Salva\u00e7\u00e3o.<\/p>\n\n\n\n<p><\/p>\n\n\n\n<p><\/p>\n","protected":false},"excerpt":{"rendered":"<p> \u201cVinde&#8230; e descansai um pouco\u201d (Mc 6, 31)<\/p>\n","protected":false},"author":1,"featured_media":4389,"comment_status":"closed","ping_status":"closed","sticky":false,"template":"","format":"standard","meta":{"_et_pb_use_builder":"off","_et_pb_old_content":"","_et_gb_content_width":"1200","footnotes":""},"categories":[106],"tags":[],"class_list":["post-4335","post","type-post","status-publish","format-standard","has-post-thumbnail","hentry","category-evangelho-do-domingo"],"_links":{"self":[{"href":"https:\/\/franciscanas.org\/portal\/brasil\/wp-json\/wp\/v2\/posts\/4335","targetHints":{"allow":["GET"]}}],"collection":[{"href":"https:\/\/franciscanas.org\/portal\/brasil\/wp-json\/wp\/v2\/posts"}],"about":[{"href":"https:\/\/franciscanas.org\/portal\/brasil\/wp-json\/wp\/v2\/types\/post"}],"author":[{"embeddable":true,"href":"https:\/\/franciscanas.org\/portal\/brasil\/wp-json\/wp\/v2\/users\/1"}],"replies":[{"embeddable":true,"href":"https:\/\/franciscanas.org\/portal\/brasil\/wp-json\/wp\/v2\/comments?post=4335"}],"version-history":[{"count":4,"href":"https:\/\/franciscanas.org\/portal\/brasil\/wp-json\/wp\/v2\/posts\/4335\/revisions"}],"predecessor-version":[{"id":4390,"href":"https:\/\/franciscanas.org\/portal\/brasil\/wp-json\/wp\/v2\/posts\/4335\/revisions\/4390"}],"wp:featuredmedia":[{"embeddable":true,"href":"https:\/\/franciscanas.org\/portal\/brasil\/wp-json\/wp\/v2\/media\/4389"}],"wp:attachment":[{"href":"https:\/\/franciscanas.org\/portal\/brasil\/wp-json\/wp\/v2\/media?parent=4335"}],"wp:term":[{"taxonomy":"category","embeddable":true,"href":"https:\/\/franciscanas.org\/portal\/brasil\/wp-json\/wp\/v2\/categories?post=4335"},{"taxonomy":"post_tag","embeddable":true,"href":"https:\/\/franciscanas.org\/portal\/brasil\/wp-json\/wp\/v2\/tags?post=4335"}],"curies":[{"name":"wp","href":"https:\/\/api.w.org\/{rel}","templated":true}]}}