{"id":4328,"date":"2024-07-12T20:30:00","date_gmt":"2024-07-12T23:30:00","guid":{"rendered":"https:\/\/franciscanas.org\/portal\/brasil\/?p=4328"},"modified":"2024-07-21T09:32:39","modified_gmt":"2024-07-21T12:32:39","slug":"15-domingo-do-tempo-comun","status":"publish","type":"post","link":"https:\/\/franciscanas.org\/portal\/brasil\/evangelho-do-domingo\/15-domingo-do-tempo-comun\/","title":{"rendered":"15\u00ba Domingo do Tempo Comun"},"content":{"rendered":"\n<p class=\"has-vivid-red-color has-text-color has-link-color wp-elements-b7bc09453ccf74a8ffc00e7f467a370f\"><strong>Evangelho de Jesus Cristo segundo Marcos<\/strong> 6, 7-13<\/p>\n\n\n\n<p>Naquele tempo,<br>7 Jesus chamou os doze e come\u00e7ou a envi\u00e1-los dois a dois, dando-lhes poder sobre os esp\u00edritos impuros.<br>8 Recomendou-lhes que n\u00e3o levassem nada para o caminho, a n\u00e3o ser um cajado; nem p\u00e3o, nem sacola, nem dinheiro na cintura.<br>9 Mandou que andassem de sand\u00e1lias e que n\u00e3o levassem duas t\u00fanicas.<br>10 E Jesus disse ainda: &#8220;Quando entrardes numa casa, ficai ali at\u00e9 vossa partida.<br>11 Se em algum lugar n\u00e3o vos receberem nem quiserem vos escutar, quando sa\u00edrdes, sacudi a poeira dos p\u00e9s, como testemunho contra eles!&#8221;<br>12 Ent\u00e3o os doze partiram e pregaram que todos se convertessem.<br>13 Expulsavam muitos dem\u00f4nios e curavam numerosos doentes, ungindo-os com \u00f3leo.<\/p>\n\n\n\n<p class=\"has-vivid-red-color has-text-color has-link-color wp-elements-3cc7a6e539ad9197ded83c6af347ecff\">Palavra da Salva\u00e7\u00e3o.<\/p>\n\n\n\n<p><\/p>\n","protected":false},"excerpt":{"rendered":"<p>\u201cJesus chamou os doze e come\u00e7ou a envi\u00e1-los dois a dois&#8230;\u201d Mc 6,7<\/p>\n","protected":false},"author":1,"featured_media":4330,"comment_status":"closed","ping_status":"closed","sticky":false,"template":"","format":"standard","meta":{"_et_pb_use_builder":"off","_et_pb_old_content":"","_et_gb_content_width":"1200","footnotes":""},"categories":[106],"tags":[],"class_list":["post-4328","post","type-post","status-publish","format-standard","has-post-thumbnail","hentry","category-evangelho-do-domingo"],"_links":{"self":[{"href":"https:\/\/franciscanas.org\/portal\/brasil\/wp-json\/wp\/v2\/posts\/4328","targetHints":{"allow":["GET"]}}],"collection":[{"href":"https:\/\/franciscanas.org\/portal\/brasil\/wp-json\/wp\/v2\/posts"}],"about":[{"href":"https:\/\/franciscanas.org\/portal\/brasil\/wp-json\/wp\/v2\/types\/post"}],"author":[{"embeddable":true,"href":"https:\/\/franciscanas.org\/portal\/brasil\/wp-json\/wp\/v2\/users\/1"}],"replies":[{"embeddable":true,"href":"https:\/\/franciscanas.org\/portal\/brasil\/wp-json\/wp\/v2\/comments?post=4328"}],"version-history":[{"count":2,"href":"https:\/\/franciscanas.org\/portal\/brasil\/wp-json\/wp\/v2\/posts\/4328\/revisions"}],"predecessor-version":[{"id":4334,"href":"https:\/\/franciscanas.org\/portal\/brasil\/wp-json\/wp\/v2\/posts\/4328\/revisions\/4334"}],"wp:featuredmedia":[{"embeddable":true,"href":"https:\/\/franciscanas.org\/portal\/brasil\/wp-json\/wp\/v2\/media\/4330"}],"wp:attachment":[{"href":"https:\/\/franciscanas.org\/portal\/brasil\/wp-json\/wp\/v2\/media?parent=4328"}],"wp:term":[{"taxonomy":"category","embeddable":true,"href":"https:\/\/franciscanas.org\/portal\/brasil\/wp-json\/wp\/v2\/categories?post=4328"},{"taxonomy":"post_tag","embeddable":true,"href":"https:\/\/franciscanas.org\/portal\/brasil\/wp-json\/wp\/v2\/tags?post=4328"}],"curies":[{"name":"wp","href":"https:\/\/api.w.org\/{rel}","templated":true}]}}