{"id":4280,"date":"2024-07-05T20:30:00","date_gmt":"2024-07-05T23:30:00","guid":{"rendered":"https:\/\/franciscanas.org\/portal\/brasil\/?p=4280"},"modified":"2024-07-06T23:01:25","modified_gmt":"2024-07-07T02:01:25","slug":"14o-domingo-do-tempo-comum","status":"publish","type":"post","link":"https:\/\/franciscanas.org\/portal\/brasil\/evangelho-do-domingo\/14o-domingo-do-tempo-comum\/","title":{"rendered":"14\u00ba Domingo do Tempo Comum"},"content":{"rendered":"\n<p class=\"has-vivid-red-color has-text-color has-link-color wp-elements-60daf76c73de44fba12c3823ed62f7d8\"><strong>Evangelho de Jesus Cristo segundo Marcos<\/strong> 6, 1-6<\/p>\n\n\n\n<p>Naquele tempo,<br>1 Jesus foi a Nazar\u00e9, sua terra, e seus disc\u00edpulos o acompanharam.<br>2 Quando chegou o s\u00e1bado, come\u00e7ou a ensinar na sinagoga. Muitos que o escutavam ficavam admirados e diziam: &#8220;De onde recebeu ele tudo isso? Como conseguiu tanta sabedoria? E esses grandes milagres que s\u00e3o realizados por suas m\u00e3os?<br>3 Este homem n\u00e3o \u00e9 o carpinteiro, filho de Maria e irm\u00e3o de Tiago, de Joset, de Judas e de Sim\u00e3o? Suas irm\u00e3s n\u00e3o moram aqui conosco?&#8221; E ficaram escandalizados por causa dele.<br>4Jesus lhes dizia: &#8220;Um profeta s\u00f3 n\u00e3o \u00e9 estimado em sua p\u00e1tria, entre seus parentes e familiares&#8221;.<br>5 E ali n\u00e3o p\u00f4de fazer milagre algum. Apenas curou alguns doentes, impondo-lhes as m\u00e3os.<br>6 E admirou-se com a falta de f\u00e9 deles. Jesus percorria os povoados das redondezas, ensinando.<\/p>\n\n\n\n<p class=\"has-vivid-red-color has-text-color has-link-color wp-elements-3cc7a6e539ad9197ded83c6af347ecff\">Palavra da Salva\u00e7\u00e3o.<\/p>\n\n\n\n<p><\/p>\n","protected":false},"excerpt":{"rendered":"<p>\u201cComo conseguiu tanta sabedoria?\u201d (Mc 6, 2)<\/p>\n","protected":false},"author":1,"featured_media":4281,"comment_status":"closed","ping_status":"closed","sticky":false,"template":"","format":"standard","meta":{"_et_pb_use_builder":"off","_et_pb_old_content":"","_et_gb_content_width":"1200","footnotes":""},"categories":[106],"tags":[],"class_list":["post-4280","post","type-post","status-publish","format-standard","has-post-thumbnail","hentry","category-evangelho-do-domingo"],"_links":{"self":[{"href":"https:\/\/franciscanas.org\/portal\/brasil\/wp-json\/wp\/v2\/posts\/4280","targetHints":{"allow":["GET"]}}],"collection":[{"href":"https:\/\/franciscanas.org\/portal\/brasil\/wp-json\/wp\/v2\/posts"}],"about":[{"href":"https:\/\/franciscanas.org\/portal\/brasil\/wp-json\/wp\/v2\/types\/post"}],"author":[{"embeddable":true,"href":"https:\/\/franciscanas.org\/portal\/brasil\/wp-json\/wp\/v2\/users\/1"}],"replies":[{"embeddable":true,"href":"https:\/\/franciscanas.org\/portal\/brasil\/wp-json\/wp\/v2\/comments?post=4280"}],"version-history":[{"count":1,"href":"https:\/\/franciscanas.org\/portal\/brasil\/wp-json\/wp\/v2\/posts\/4280\/revisions"}],"predecessor-version":[{"id":4282,"href":"https:\/\/franciscanas.org\/portal\/brasil\/wp-json\/wp\/v2\/posts\/4280\/revisions\/4282"}],"wp:featuredmedia":[{"embeddable":true,"href":"https:\/\/franciscanas.org\/portal\/brasil\/wp-json\/wp\/v2\/media\/4281"}],"wp:attachment":[{"href":"https:\/\/franciscanas.org\/portal\/brasil\/wp-json\/wp\/v2\/media?parent=4280"}],"wp:term":[{"taxonomy":"category","embeddable":true,"href":"https:\/\/franciscanas.org\/portal\/brasil\/wp-json\/wp\/v2\/categories?post=4280"},{"taxonomy":"post_tag","embeddable":true,"href":"https:\/\/franciscanas.org\/portal\/brasil\/wp-json\/wp\/v2\/tags?post=4280"}],"curies":[{"name":"wp","href":"https:\/\/api.w.org\/{rel}","templated":true}]}}